{"id":5065,"date":"2026-02-11T00:49:27","date_gmt":"2026-02-11T00:49:27","guid":{"rendered":"https:\/\/audiofutura.fmmiradio.com\/?p=5065"},"modified":"2026-02-11T00:49:28","modified_gmt":"2026-02-11T00:49:28","slug":"caucete-detuvieron-a-un-hombre-buscado-por-encubrimiento-y-multiples-delitos","status":"publish","type":"post","link":"https:\/\/audiofutura.fmmiradio.com\/?p=5065","title":{"rendered":"Caucete: detuvieron a un hombre buscado por encubrimiento y m\u00faltiples delitos"},"content":{"rendered":"\n<p><br>La Polic\u00eda de la Comisar\u00eda 37\u00aa detuvo en Caucete a un hombre de 27 a\u00f1os, identificado como Flores, quien era intensamente buscado por la Justicia por su presunta vinculaci\u00f3n con distintos hechos delictivos investigados por la UFI de Delitos contra la Propiedad.<\/p>\n\n\n\n<p><br>El procedimiento se concret\u00f3 en inmediaciones de su domicilio, en el barrio Cura Brochero, donde los efectivos lograron su aprehensi\u00f3n y el secuestro de elementos clave. En su poder ten\u00eda dos tarjetas de d\u00e9bito vinculadas a un robo millonario, prendas de vestir, una conservadora y otros objetos sustra\u00eddos durante un hecho ocurrido el 2 de febrero de 2026.<br>Seg\u00fan la investigaci\u00f3n, Flores no estar\u00eda involucrado en un solo episodio: tambi\u00e9n es se\u00f1alado por otros robos, entre ellos el hurto de un cargador de bater\u00eda y un tel\u00e9fono iPhone 13, lo que refuerza su vinculaci\u00f3n con una serie de delitos contra la propiedad registrados en la zona.<\/p>\n\n\n\n<p><br>Por disposici\u00f3n de la Ayudante Fiscal de turno, Dra. Ver\u00f3nica Pidriviera, se orden\u00f3 la detenci\u00f3n formal del acusado, quien qued\u00f3 vinculado a un legajo fiscal por encubrimiento y contin\u00faa siendo investigado por otros hechos delictivos.<\/p>\n","protected":false},"excerpt":{"rendered":"<p>La Polic\u00eda de la Comisar\u00eda 37\u00aa detuvo en Caucete a un hombre de 27 a\u00f1os, identificado como Flores, quien era intensamente buscado por la Justicia por su presunta vinculaci\u00f3n con distintos hechos delictivos investigados por la UFI de Delitos contra la Propiedad. El procedimiento se concret\u00f3 en inmediaciones de su domicilio, en el barrio Cura &hellip;<\/p>\n","protected":false},"author":4,"featured_media":5066,"comment_status":"open","ping_status":"open","sticky":false,"template":"","format":"standard","meta":{"footnotes":""},"categories":[105,76],"tags":[],"class_list":["post-5065","post","type-post","status-publish","format-standard","has-post-thumbnail","","category-caucete","category-policiales"],"yoast_head":"<!-- This site is optimized with the Yoast SEO plugin v25.6 - https:\/\/yoast.com\/wordpress\/plugins\/seo\/ -->\n<title>Caucete: detuvieron a un hombre buscado por encubrimiento y m\u00faltiples delitos - AUDIO FUTURA<\/title>\n<meta name=\"robots\" content=\"index, follow, max-snippet:-1, max-image-preview:large, max-video-preview:-1\" \/>\n<link rel=\"canonical\" href=\"https:\/\/audiofutura.fmmiradio.com\/?p=5065\" \/>\n<meta property=\"og:locale\" content=\"es_ES\" \/>\n<meta property=\"og:type\" content=\"article\" \/>\n<meta property=\"og:title\" content=\"Caucete: detuvieron a un hombre buscado por encubrimiento y m\u00faltiples delitos - AUDIO FUTURA\" \/>\n<meta property=\"og:description\" content=\"La Polic\u00eda de la Comisar\u00eda 37\u00aa detuvo en Caucete a un hombre de 27 a\u00f1os, identificado como Flores, quien era intensamente buscado por la Justicia por su presunta vinculaci\u00f3n con distintos hechos delictivos investigados por la UFI de Delitos contra la Propiedad. El procedimiento se concret\u00f3 en inmediaciones de su domicilio, en el barrio Cura &hellip;\" \/>\n<meta property=\"og:url\" content=\"https:\/\/audiofutura.fmmiradio.com\/?p=5065\" \/>\n<meta property=\"og:site_name\" content=\"AUDIO FUTURA\" \/>\n<meta property=\"article:published_time\" content=\"2026-02-11T00:49:27+00:00\" \/>\n<meta property=\"article:modified_time\" content=\"2026-02-11T00:49:28+00:00\" \/>\n<meta property=\"og:image\" content=\"https:\/\/audiofutura.fmmiradio.com\/wp-content\/uploads\/2026\/02\/IMG-20260210-WA0052.jpg\" \/>\n\t<meta property=\"og:image:width\" content=\"1200\" \/>\n\t<meta property=\"og:image:height\" content=\"1600\" \/>\n\t<meta property=\"og:image:type\" content=\"image\/jpeg\" \/>\n<meta name=\"author\" content=\"futura\" \/>\n<meta name=\"twitter:card\" content=\"summary_large_image\" \/>\n<meta name=\"twitter:label1\" content=\"Escrito por\" \/>\n\t<meta name=\"twitter:data1\" content=\"futura\" \/>\n\t<meta name=\"twitter:label2\" content=\"Tiempo de lectura\" \/>\n\t<meta name=\"twitter:data2\" content=\"2 minutos\" \/>\n<script type=\"application\/ld+json\" class=\"yoast-schema-graph\">{\"@context\":\"https:\/\/schema.org\",\"@graph\":[{\"@type\":\"WebPage\",\"@id\":\"https:\/\/audiofutura.fmmiradio.com\/?p=5065\",\"url\":\"https:\/\/audiofutura.fmmiradio.com\/?p=5065\",\"name\":\"Caucete: detuvieron a un hombre buscado por encubrimiento y m\u00faltiples delitos - AUDIO FUTURA\",\"isPartOf\":{\"@id\":\"https:\/\/audiofutura.fmmiradio.com\/#website\"},\"primaryImageOfPage\":{\"@id\":\"https:\/\/audiofutura.fmmiradio.com\/?p=5065#primaryimage\"},\"image\":{\"@id\":\"https:\/\/audiofutura.fmmiradio.com\/?p=5065#primaryimage\"},\"thumbnailUrl\":\"https:\/\/audiofutura.fmmiradio.com\/wp-content\/uploads\/2026\/02\/IMG-20260210-WA0052.jpg\",\"datePublished\":\"2026-02-11T00:49:27+00:00\",\"dateModified\":\"2026-02-11T00:49:28+00:00\",\"author\":{\"@id\":\"https:\/\/audiofutura.fmmiradio.com\/#\/schema\/person\/bda371d1753c2e5b5dff202eaa5fa9bc\"},\"breadcrumb\":{\"@id\":\"https:\/\/audiofutura.fmmiradio.com\/?p=5065#breadcrumb\"},\"inLanguage\":\"es\",\"potentialAction\":[{\"@type\":\"ReadAction\",\"target\":[\"https:\/\/audiofutura.fmmiradio.com\/?p=5065\"]}]},{\"@type\":\"ImageObject\",\"inLanguage\":\"es\",\"@id\":\"https:\/\/audiofutura.fmmiradio.com\/?p=5065#primaryimage\",\"url\":\"https:\/\/audiofutura.fmmiradio.com\/wp-content\/uploads\/2026\/02\/IMG-20260210-WA0052.jpg\",\"contentUrl\":\"https:\/\/audiofutura.fmmiradio.com\/wp-content\/uploads\/2026\/02\/IMG-20260210-WA0052.jpg\",\"width\":1200,\"height\":1600},{\"@type\":\"BreadcrumbList\",\"@id\":\"https:\/\/audiofutura.fmmiradio.com\/?p=5065#breadcrumb\",\"itemListElement\":[{\"@type\":\"ListItem\",\"position\":1,\"name\":\"Portada\",\"item\":\"https:\/\/audiofutura.fmmiradio.com\/\"},{\"@type\":\"ListItem\",\"position\":2,\"name\":\"Caucete: detuvieron a un hombre buscado por encubrimiento y m\u00faltiples delitos\"}]},{\"@type\":\"WebSite\",\"@id\":\"https:\/\/audiofutura.fmmiradio.com\/#website\",\"url\":\"https:\/\/audiofutura.fmmiradio.com\/\",\"name\":\"AUDIO FUTURA\",\"description\":\"\",\"potentialAction\":[{\"@type\":\"SearchAction\",\"target\":{\"@type\":\"EntryPoint\",\"urlTemplate\":\"https:\/\/audiofutura.fmmiradio.com\/?s={search_term_string}\"},\"query-input\":{\"@type\":\"PropertyValueSpecification\",\"valueRequired\":true,\"valueName\":\"search_term_string\"}}],\"inLanguage\":\"es\"},{\"@type\":\"Person\",\"@id\":\"https:\/\/audiofutura.fmmiradio.com\/#\/schema\/person\/bda371d1753c2e5b5dff202eaa5fa9bc\",\"name\":\"futura\",\"image\":{\"@type\":\"ImageObject\",\"inLanguage\":\"es\",\"@id\":\"https:\/\/audiofutura.fmmiradio.com\/#\/schema\/person\/image\/\",\"url\":\"https:\/\/secure.gravatar.com\/avatar\/f6ee1541937ff3e68dac011173779bde?s=96&d=mm&r=g\",\"contentUrl\":\"https:\/\/secure.gravatar.com\/avatar\/f6ee1541937ff3e68dac011173779bde?s=96&d=mm&r=g\",\"caption\":\"futura\"},\"url\":\"https:\/\/audiofutura.fmmiradio.com\/?author=4\"}]}<\/script>\n<!-- \/ Yoast SEO plugin. -->","yoast_head_json":{"title":"Caucete: detuvieron a un hombre buscado por encubrimiento y m\u00faltiples delitos - AUDIO FUTURA","robots":{"index":"index","follow":"follow","max-snippet":"max-snippet:-1","max-image-preview":"max-image-preview:large","max-video-preview":"max-video-preview:-1"},"canonical":"https:\/\/audiofutura.fmmiradio.com\/?p=5065","og_locale":"es_ES","og_type":"article","og_title":"Caucete: detuvieron a un hombre buscado por encubrimiento y m\u00faltiples delitos - AUDIO FUTURA","og_description":"La Polic\u00eda de la Comisar\u00eda 37\u00aa detuvo en Caucete a un hombre de 27 a\u00f1os, identificado como Flores, quien era intensamente buscado por la Justicia por su presunta vinculaci\u00f3n con distintos hechos delictivos investigados por la UFI de Delitos contra la Propiedad. El procedimiento se concret\u00f3 en inmediaciones de su domicilio, en el barrio Cura &hellip;","og_url":"https:\/\/audiofutura.fmmiradio.com\/?p=5065","og_site_name":"AUDIO FUTURA","article_published_time":"2026-02-11T00:49:27+00:00","article_modified_time":"2026-02-11T00:49:28+00:00","og_image":[{"width":1200,"height":1600,"url":"https:\/\/audiofutura.fmmiradio.com\/wp-content\/uploads\/2026\/02\/IMG-20260210-WA0052.jpg","type":"image\/jpeg"}],"author":"futura","twitter_card":"summary_large_image","twitter_misc":{"Escrito por":"futura","Tiempo de lectura":"2 minutos"},"schema":{"@context":"https:\/\/schema.org","@graph":[{"@type":"WebPage","@id":"https:\/\/audiofutura.fmmiradio.com\/?p=5065","url":"https:\/\/audiofutura.fmmiradio.com\/?p=5065","name":"Caucete: detuvieron a un hombre buscado por encubrimiento y m\u00faltiples delitos - AUDIO FUTURA","isPartOf":{"@id":"https:\/\/audiofutura.fmmiradio.com\/#website"},"primaryImageOfPage":{"@id":"https:\/\/audiofutura.fmmiradio.com\/?p=5065#primaryimage"},"image":{"@id":"https:\/\/audiofutura.fmmiradio.com\/?p=5065#primaryimage"},"thumbnailUrl":"https:\/\/audiofutura.fmmiradio.com\/wp-content\/uploads\/2026\/02\/IMG-20260210-WA0052.jpg","datePublished":"2026-02-11T00:49:27+00:00","dateModified":"2026-02-11T00:49:28+00:00","author":{"@id":"https:\/\/audiofutura.fmmiradio.com\/#\/schema\/person\/bda371d1753c2e5b5dff202eaa5fa9bc"},"breadcrumb":{"@id":"https:\/\/audiofutura.fmmiradio.com\/?p=5065#breadcrumb"},"inLanguage":"es","potentialAction":[{"@type":"ReadAction","target":["https:\/\/audiofutura.fmmiradio.com\/?p=5065"]}]},{"@type":"ImageObject","inLanguage":"es","@id":"https:\/\/audiofutura.fmmiradio.com\/?p=5065#primaryimage","url":"https:\/\/audiofutura.fmmiradio.com\/wp-content\/uploads\/2026\/02\/IMG-20260210-WA0052.jpg","contentUrl":"https:\/\/audiofutura.fmmiradio.com\/wp-content\/uploads\/2026\/02\/IMG-20260210-WA0052.jpg","width":1200,"height":1600},{"@type":"BreadcrumbList","@id":"https:\/\/audiofutura.fmmiradio.com\/?p=5065#breadcrumb","itemListElement":[{"@type":"ListItem","position":1,"name":"Portada","item":"https:\/\/audiofutura.fmmiradio.com\/"},{"@type":"ListItem","position":2,"name":"Caucete: detuvieron a un hombre buscado por encubrimiento y m\u00faltiples delitos"}]},{"@type":"WebSite","@id":"https:\/\/audiofutura.fmmiradio.com\/#website","url":"https:\/\/audiofutura.fmmiradio.com\/","name":"AUDIO FUTURA","description":"","potentialAction":[{"@type":"SearchAction","target":{"@type":"EntryPoint","urlTemplate":"https:\/\/audiofutura.fmmiradio.com\/?s={search_term_string}"},"query-input":{"@type":"PropertyValueSpecification","valueRequired":true,"valueName":"search_term_string"}}],"inLanguage":"es"},{"@type":"Person","@id":"https:\/\/audiofutura.fmmiradio.com\/#\/schema\/person\/bda371d1753c2e5b5dff202eaa5fa9bc","name":"futura","image":{"@type":"ImageObject","inLanguage":"es","@id":"https:\/\/audiofutura.fmmiradio.com\/#\/schema\/person\/image\/","url":"https:\/\/secure.gravatar.com\/avatar\/f6ee1541937ff3e68dac011173779bde?s=96&d=mm&r=g","contentUrl":"https:\/\/secure.gravatar.com\/avatar\/f6ee1541937ff3e68dac011173779bde?s=96&d=mm&r=g","caption":"futura"},"url":"https:\/\/audiofutura.fmmiradio.com\/?author=4"}]}},"_links":{"self":[{"href":"https:\/\/audiofutura.fmmiradio.com\/index.php?rest_route=\/wp\/v2\/posts\/5065"}],"collection":[{"href":"https:\/\/audiofutura.fmmiradio.com\/index.php?rest_route=\/wp\/v2\/posts"}],"about":[{"href":"https:\/\/audiofutura.fmmiradio.com\/index.php?rest_route=\/wp\/v2\/types\/post"}],"author":[{"embeddable":true,"href":"https:\/\/audiofutura.fmmiradio.com\/index.php?rest_route=\/wp\/v2\/users\/4"}],"replies":[{"embeddable":true,"href":"https:\/\/audiofutura.fmmiradio.com\/index.php?rest_route=%2Fwp%2Fv2%2Fcomments&post=5065"}],"version-history":[{"count":1,"href":"https:\/\/audiofutura.fmmiradio.com\/index.php?rest_route=\/wp\/v2\/posts\/5065\/revisions"}],"predecessor-version":[{"id":5067,"href":"https:\/\/audiofutura.fmmiradio.com\/index.php?rest_route=\/wp\/v2\/posts\/5065\/revisions\/5067"}],"wp:featuredmedia":[{"embeddable":true,"href":"https:\/\/audiofutura.fmmiradio.com\/index.php?rest_route=\/wp\/v2\/media\/5066"}],"wp:attachment":[{"href":"https:\/\/audiofutura.fmmiradio.com\/index.php?rest_route=%2Fwp%2Fv2%2Fmedia&parent=5065"}],"wp:term":[{"taxonomy":"category","embeddable":true,"href":"https:\/\/audiofutura.fmmiradio.com\/index.php?rest_route=%2Fwp%2Fv2%2Fcategories&post=5065"},{"taxonomy":"post_tag","embeddable":true,"href":"https:\/\/audiofutura.fmmiradio.com\/index.php?rest_route=%2Fwp%2Fv2%2Ftags&post=5065"}],"curies":[{"name":"wp","href":"https:\/\/api.w.org\/{rel}","templated":true}]}}