{"id":5060,"date":"2026-02-05T16:47:11","date_gmt":"2026-02-05T16:47:11","guid":{"rendered":"https:\/\/audiofutura.fmmiradio.com\/?p=5060"},"modified":"2026-02-05T16:47:14","modified_gmt":"2026-02-05T16:47:14","slug":"choque-y-amputacion-en-capital-el-mensaje-del-policia-herido-y-la-version-del-chofer-del-colectivo","status":"publish","type":"post","link":"https:\/\/audiofutura.fmmiradio.com\/?p=5060","title":{"rendered":"Choque y amputaci\u00f3n en Capital: el mensaje del polic\u00eda herido y la versi\u00f3n del chofer del colectivo"},"content":{"rendered":"\n<p>El siniestro vial ocurrido el pasado martes a las 08:38 en la intersecci\u00f3n de <strong>Avenida Rioja y calle Cereceto<\/strong> contin\u00faa bajo una intensa investigaci\u00f3n judicial. Mientras el cabo <strong>Facundo \u00c1vila (27)<\/strong> se recupera de la amputaci\u00f3n de uno de sus pies, el conductor del colectivo involucrado, <strong>Rodolfo Zavaleta (42)<\/strong>, rompi\u00f3 el silencio para explicar c\u00f3mo se produjo la colisi\u00f3n.<\/p>\n\n\n\n<p><\/p>\n\n\n\n<figure class=\"wp-block-image size-full is-resized\"><img loading=\"lazy\" decoding=\"async\" width=\"922\" height=\"720\" src=\"https:\/\/audiofutura.fmmiradio.com\/wp-content\/uploads\/2026\/02\/720-1.webp\" alt=\"\" class=\"wp-image-5062\" style=\"width:602px;height:auto\" srcset=\"https:\/\/audiofutura.fmmiradio.com\/wp-content\/uploads\/2026\/02\/720-1.webp 922w, https:\/\/audiofutura.fmmiradio.com\/wp-content\/uploads\/2026\/02\/720-1-300x234.webp 300w, https:\/\/audiofutura.fmmiradio.com\/wp-content\/uploads\/2026\/02\/720-1-768x600.webp 768w\" sizes=\"(max-width: 922px) 100vw, 922px\" \/><\/figure>\n\n\n\n<h3 class=\"wp-block-heading\">La palabra de Facundo \u00c1vila: agradecimiento y dolor familiar<\/h3>\n\n\n\n<p>Este mi\u00e9rcoles, el efectivo de la Unidad Operativa General Acha se manifest\u00f3 p\u00fablicamente por primera vez a trav\u00e9s de sus redes sociales. \u201cMuchas gracias por tantos mensajes de cari\u00f1o y apoyo. Gracias a la familia, amigos y a la familia policial\u201d, expres\u00f3 \u00c1vila, destacando el sost\u00e9n recibido tras la cirug\u00eda en el Hospital Rawson.<sup><\/sup><\/p>\n\n\n\n<p>Por su parte, la hermana del polic\u00eda pidi\u00f3 respeto y sensibilidad para su familia, especialmente para su madre: \u201cMi hermano no hac\u00eda m\u00e1s que cumplir con su trabajo al servicio de toda la sociedad, y su vida le cambi\u00f3 para siempre. Respeto, no pedimos m\u00e1s\u201d, sentenci\u00f3.<\/p>\n\n\n\n<figure class=\"wp-block-image size-large is-resized\"><img loading=\"lazy\" decoding=\"async\" width=\"1024\" height=\"546\" src=\"https:\/\/audiofutura.fmmiradio.com\/wp-content\/uploads\/2026\/02\/720-2-1024x546.webp\" alt=\"\" class=\"wp-image-5063\" style=\"width:604px;height:auto\" srcset=\"https:\/\/audiofutura.fmmiradio.com\/wp-content\/uploads\/2026\/02\/720-2-1024x546.webp 1024w, https:\/\/audiofutura.fmmiradio.com\/wp-content\/uploads\/2026\/02\/720-2-300x160.webp 300w, https:\/\/audiofutura.fmmiradio.com\/wp-content\/uploads\/2026\/02\/720-2-768x410.webp 768w, https:\/\/audiofutura.fmmiradio.com\/wp-content\/uploads\/2026\/02\/720-2-310x165.webp 310w, https:\/\/audiofutura.fmmiradio.com\/wp-content\/uploads\/2026\/02\/720-2.webp 1280w\" sizes=\"(max-width: 1024px) 100vw, 1024px\" \/><\/figure>\n\n\n\n<h3 class=\"wp-block-heading\">El testimonio del chofer: \u00abNo alcanc\u00e9 a frenar\u00bb<\/h3>\n\n\n\n<p>Rodolfo Zavaleta, conductor de la unidad de la Red Tulum, brind\u00f3 una versi\u00f3n detallada del impacto. Asegur\u00f3 que circulaba por el carril derecho de Avenida Rioja con <strong>prioridad de paso<\/strong>, cuando la moto policial apareci\u00f3 de forma repentina desde calle Cereceto. \u201cNo alcanc\u00e9 a frenar, ya me hab\u00eda chocado\u201d, manifest\u00f3 el chofer, quien tambi\u00e9n se\u00f1al\u00f3 que descendi\u00f3 junto a los pasajeros para asistir al agente herido. Zavaleta remarc\u00f3 que, pese al nerviosismo inicial, no sufri\u00f3 agresiones y cuenta con el respaldo de su empresa y registros f\u00edlmicos que ser\u00e1n clave para el proceso.<\/p>\n\n\n\n<h3 class=\"wp-block-heading\">Pericias y estado de la causa<\/h3>\n\n\n\n<p>La investigaci\u00f3n, caratulada preventivamente como <strong>lesiones culposas graves<\/strong>, est\u00e1 a cargo del fiscal <strong>Iv\u00e1n Grassi<\/strong>. Entre los puntos destacados del procedimiento se encuentran:<\/p>\n\n\n\n<ul class=\"wp-block-list\">\n<li><strong>Alcoholemia:<\/strong> El test realizado a Zavaleta arroj\u00f3 resultado <strong>negativo<\/strong>.<\/li>\n\n\n\n<li><strong>Secuestro de elementos:<\/strong> Se incaut\u00f3 el arma reglamentaria del polic\u00eda y ambos veh\u00edculos fueron trasladados para peritajes t\u00e9cnicos por personal de la Comisar\u00eda 2\u00aa y Polic\u00eda Cient\u00edfica.<\/li>\n\n\n\n<li><strong>Pruebas:<\/strong> Existen grabaciones de seguridad que podr\u00edan determinar la mec\u00e1nica exacta del siniestro.<\/li>\n<\/ul>\n\n\n\n<p><\/p>\n","protected":false},"excerpt":{"rendered":"<p>El siniestro vial ocurrido el pasado martes a las 08:38 en la intersecci\u00f3n de Avenida Rioja y calle Cereceto contin\u00faa bajo una intensa investigaci\u00f3n judicial. Mientras el cabo Facundo \u00c1vila (27) se recupera de la amputaci\u00f3n de uno de sus pies, el conductor del colectivo involucrado, Rodolfo Zavaleta (42), rompi\u00f3 el silencio para explicar c\u00f3mo &hellip;<\/p>\n","protected":false},"author":4,"featured_media":5061,"comment_status":"open","ping_status":"open","sticky":false,"template":"","format":"standard","meta":{"footnotes":""},"categories":[76],"tags":[],"class_list":["post-5060","post","type-post","status-publish","format-standard","has-post-thumbnail","","category-policiales"],"yoast_head":"<!-- This site is optimized with the Yoast SEO plugin v25.6 - https:\/\/yoast.com\/wordpress\/plugins\/seo\/ -->\n<title>Choque y amputaci\u00f3n en Capital: el mensaje del polic\u00eda herido y la versi\u00f3n del chofer del colectivo - AUDIO FUTURA<\/title>\n<meta name=\"robots\" content=\"index, follow, max-snippet:-1, max-image-preview:large, max-video-preview:-1\" \/>\n<link rel=\"canonical\" href=\"https:\/\/audiofutura.fmmiradio.com\/?p=5060\" \/>\n<meta property=\"og:locale\" content=\"es_ES\" \/>\n<meta property=\"og:type\" content=\"article\" \/>\n<meta property=\"og:title\" content=\"Choque y amputaci\u00f3n en Capital: el mensaje del polic\u00eda herido y la versi\u00f3n del chofer del colectivo - AUDIO FUTURA\" \/>\n<meta property=\"og:description\" content=\"El siniestro vial ocurrido el pasado martes a las 08:38 en la intersecci\u00f3n de Avenida Rioja y calle Cereceto contin\u00faa bajo una intensa investigaci\u00f3n judicial. Mientras el cabo Facundo \u00c1vila (27) se recupera de la amputaci\u00f3n de uno de sus pies, el conductor del colectivo involucrado, Rodolfo Zavaleta (42), rompi\u00f3 el silencio para explicar c\u00f3mo &hellip;\" \/>\n<meta property=\"og:url\" content=\"https:\/\/audiofutura.fmmiradio.com\/?p=5060\" \/>\n<meta property=\"og:site_name\" content=\"AUDIO FUTURA\" \/>\n<meta property=\"article:published_time\" content=\"2026-02-05T16:47:11+00:00\" \/>\n<meta property=\"article:modified_time\" content=\"2026-02-05T16:47:14+00:00\" \/>\n<meta property=\"og:image\" content=\"https:\/\/audiofutura.fmmiradio.com\/wp-content\/uploads\/2026\/02\/images.jpg\" \/>\n\t<meta property=\"og:image:width\" content=\"194\" \/>\n\t<meta property=\"og:image:height\" content=\"259\" \/>\n\t<meta property=\"og:image:type\" content=\"image\/jpeg\" \/>\n<meta name=\"author\" content=\"futura\" \/>\n<meta name=\"twitter:card\" content=\"summary_large_image\" \/>\n<meta name=\"twitter:label1\" content=\"Escrito por\" \/>\n\t<meta name=\"twitter:data1\" content=\"futura\" \/>\n\t<meta name=\"twitter:label2\" content=\"Tiempo de lectura\" \/>\n\t<meta name=\"twitter:data2\" content=\"3 minutos\" \/>\n<script type=\"application\/ld+json\" class=\"yoast-schema-graph\">{\"@context\":\"https:\/\/schema.org\",\"@graph\":[{\"@type\":\"WebPage\",\"@id\":\"https:\/\/audiofutura.fmmiradio.com\/?p=5060\",\"url\":\"https:\/\/audiofutura.fmmiradio.com\/?p=5060\",\"name\":\"Choque y amputaci\u00f3n en Capital: el mensaje del polic\u00eda herido y la versi\u00f3n del chofer del colectivo - AUDIO FUTURA\",\"isPartOf\":{\"@id\":\"https:\/\/audiofutura.fmmiradio.com\/#website\"},\"primaryImageOfPage\":{\"@id\":\"https:\/\/audiofutura.fmmiradio.com\/?p=5060#primaryimage\"},\"image\":{\"@id\":\"https:\/\/audiofutura.fmmiradio.com\/?p=5060#primaryimage\"},\"thumbnailUrl\":\"https:\/\/audiofutura.fmmiradio.com\/wp-content\/uploads\/2026\/02\/images.jpg\",\"datePublished\":\"2026-02-05T16:47:11+00:00\",\"dateModified\":\"2026-02-05T16:47:14+00:00\",\"author\":{\"@id\":\"https:\/\/audiofutura.fmmiradio.com\/#\/schema\/person\/bda371d1753c2e5b5dff202eaa5fa9bc\"},\"breadcrumb\":{\"@id\":\"https:\/\/audiofutura.fmmiradio.com\/?p=5060#breadcrumb\"},\"inLanguage\":\"es\",\"potentialAction\":[{\"@type\":\"ReadAction\",\"target\":[\"https:\/\/audiofutura.fmmiradio.com\/?p=5060\"]}]},{\"@type\":\"ImageObject\",\"inLanguage\":\"es\",\"@id\":\"https:\/\/audiofutura.fmmiradio.com\/?p=5060#primaryimage\",\"url\":\"https:\/\/audiofutura.fmmiradio.com\/wp-content\/uploads\/2026\/02\/images.jpg\",\"contentUrl\":\"https:\/\/audiofutura.fmmiradio.com\/wp-content\/uploads\/2026\/02\/images.jpg\",\"width\":194,\"height\":259},{\"@type\":\"BreadcrumbList\",\"@id\":\"https:\/\/audiofutura.fmmiradio.com\/?p=5060#breadcrumb\",\"itemListElement\":[{\"@type\":\"ListItem\",\"position\":1,\"name\":\"Portada\",\"item\":\"https:\/\/audiofutura.fmmiradio.com\/\"},{\"@type\":\"ListItem\",\"position\":2,\"name\":\"Choque y amputaci\u00f3n en Capital: el mensaje del polic\u00eda herido y la versi\u00f3n del chofer del colectivo\"}]},{\"@type\":\"WebSite\",\"@id\":\"https:\/\/audiofutura.fmmiradio.com\/#website\",\"url\":\"https:\/\/audiofutura.fmmiradio.com\/\",\"name\":\"AUDIO FUTURA\",\"description\":\"\",\"potentialAction\":[{\"@type\":\"SearchAction\",\"target\":{\"@type\":\"EntryPoint\",\"urlTemplate\":\"https:\/\/audiofutura.fmmiradio.com\/?s={search_term_string}\"},\"query-input\":{\"@type\":\"PropertyValueSpecification\",\"valueRequired\":true,\"valueName\":\"search_term_string\"}}],\"inLanguage\":\"es\"},{\"@type\":\"Person\",\"@id\":\"https:\/\/audiofutura.fmmiradio.com\/#\/schema\/person\/bda371d1753c2e5b5dff202eaa5fa9bc\",\"name\":\"futura\",\"image\":{\"@type\":\"ImageObject\",\"inLanguage\":\"es\",\"@id\":\"https:\/\/audiofutura.fmmiradio.com\/#\/schema\/person\/image\/\",\"url\":\"https:\/\/secure.gravatar.com\/avatar\/f6ee1541937ff3e68dac011173779bde?s=96&d=mm&r=g\",\"contentUrl\":\"https:\/\/secure.gravatar.com\/avatar\/f6ee1541937ff3e68dac011173779bde?s=96&d=mm&r=g\",\"caption\":\"futura\"},\"url\":\"https:\/\/audiofutura.fmmiradio.com\/?author=4\"}]}<\/script>\n<!-- \/ Yoast SEO plugin. -->","yoast_head_json":{"title":"Choque y amputaci\u00f3n en Capital: el mensaje del polic\u00eda herido y la versi\u00f3n del chofer del colectivo - AUDIO FUTURA","robots":{"index":"index","follow":"follow","max-snippet":"max-snippet:-1","max-image-preview":"max-image-preview:large","max-video-preview":"max-video-preview:-1"},"canonical":"https:\/\/audiofutura.fmmiradio.com\/?p=5060","og_locale":"es_ES","og_type":"article","og_title":"Choque y amputaci\u00f3n en Capital: el mensaje del polic\u00eda herido y la versi\u00f3n del chofer del colectivo - AUDIO FUTURA","og_description":"El siniestro vial ocurrido el pasado martes a las 08:38 en la intersecci\u00f3n de Avenida Rioja y calle Cereceto contin\u00faa bajo una intensa investigaci\u00f3n judicial. Mientras el cabo Facundo \u00c1vila (27) se recupera de la amputaci\u00f3n de uno de sus pies, el conductor del colectivo involucrado, Rodolfo Zavaleta (42), rompi\u00f3 el silencio para explicar c\u00f3mo &hellip;","og_url":"https:\/\/audiofutura.fmmiradio.com\/?p=5060","og_site_name":"AUDIO FUTURA","article_published_time":"2026-02-05T16:47:11+00:00","article_modified_time":"2026-02-05T16:47:14+00:00","og_image":[{"width":194,"height":259,"url":"https:\/\/audiofutura.fmmiradio.com\/wp-content\/uploads\/2026\/02\/images.jpg","type":"image\/jpeg"}],"author":"futura","twitter_card":"summary_large_image","twitter_misc":{"Escrito por":"futura","Tiempo de lectura":"3 minutos"},"schema":{"@context":"https:\/\/schema.org","@graph":[{"@type":"WebPage","@id":"https:\/\/audiofutura.fmmiradio.com\/?p=5060","url":"https:\/\/audiofutura.fmmiradio.com\/?p=5060","name":"Choque y amputaci\u00f3n en Capital: el mensaje del polic\u00eda herido y la versi\u00f3n del chofer del colectivo - AUDIO FUTURA","isPartOf":{"@id":"https:\/\/audiofutura.fmmiradio.com\/#website"},"primaryImageOfPage":{"@id":"https:\/\/audiofutura.fmmiradio.com\/?p=5060#primaryimage"},"image":{"@id":"https:\/\/audiofutura.fmmiradio.com\/?p=5060#primaryimage"},"thumbnailUrl":"https:\/\/audiofutura.fmmiradio.com\/wp-content\/uploads\/2026\/02\/images.jpg","datePublished":"2026-02-05T16:47:11+00:00","dateModified":"2026-02-05T16:47:14+00:00","author":{"@id":"https:\/\/audiofutura.fmmiradio.com\/#\/schema\/person\/bda371d1753c2e5b5dff202eaa5fa9bc"},"breadcrumb":{"@id":"https:\/\/audiofutura.fmmiradio.com\/?p=5060#breadcrumb"},"inLanguage":"es","potentialAction":[{"@type":"ReadAction","target":["https:\/\/audiofutura.fmmiradio.com\/?p=5060"]}]},{"@type":"ImageObject","inLanguage":"es","@id":"https:\/\/audiofutura.fmmiradio.com\/?p=5060#primaryimage","url":"https:\/\/audiofutura.fmmiradio.com\/wp-content\/uploads\/2026\/02\/images.jpg","contentUrl":"https:\/\/audiofutura.fmmiradio.com\/wp-content\/uploads\/2026\/02\/images.jpg","width":194,"height":259},{"@type":"BreadcrumbList","@id":"https:\/\/audiofutura.fmmiradio.com\/?p=5060#breadcrumb","itemListElement":[{"@type":"ListItem","position":1,"name":"Portada","item":"https:\/\/audiofutura.fmmiradio.com\/"},{"@type":"ListItem","position":2,"name":"Choque y amputaci\u00f3n en Capital: el mensaje del polic\u00eda herido y la versi\u00f3n del chofer del colectivo"}]},{"@type":"WebSite","@id":"https:\/\/audiofutura.fmmiradio.com\/#website","url":"https:\/\/audiofutura.fmmiradio.com\/","name":"AUDIO FUTURA","description":"","potentialAction":[{"@type":"SearchAction","target":{"@type":"EntryPoint","urlTemplate":"https:\/\/audiofutura.fmmiradio.com\/?s={search_term_string}"},"query-input":{"@type":"PropertyValueSpecification","valueRequired":true,"valueName":"search_term_string"}}],"inLanguage":"es"},{"@type":"Person","@id":"https:\/\/audiofutura.fmmiradio.com\/#\/schema\/person\/bda371d1753c2e5b5dff202eaa5fa9bc","name":"futura","image":{"@type":"ImageObject","inLanguage":"es","@id":"https:\/\/audiofutura.fmmiradio.com\/#\/schema\/person\/image\/","url":"https:\/\/secure.gravatar.com\/avatar\/f6ee1541937ff3e68dac011173779bde?s=96&d=mm&r=g","contentUrl":"https:\/\/secure.gravatar.com\/avatar\/f6ee1541937ff3e68dac011173779bde?s=96&d=mm&r=g","caption":"futura"},"url":"https:\/\/audiofutura.fmmiradio.com\/?author=4"}]}},"_links":{"self":[{"href":"https:\/\/audiofutura.fmmiradio.com\/index.php?rest_route=\/wp\/v2\/posts\/5060"}],"collection":[{"href":"https:\/\/audiofutura.fmmiradio.com\/index.php?rest_route=\/wp\/v2\/posts"}],"about":[{"href":"https:\/\/audiofutura.fmmiradio.com\/index.php?rest_route=\/wp\/v2\/types\/post"}],"author":[{"embeddable":true,"href":"https:\/\/audiofutura.fmmiradio.com\/index.php?rest_route=\/wp\/v2\/users\/4"}],"replies":[{"embeddable":true,"href":"https:\/\/audiofutura.fmmiradio.com\/index.php?rest_route=%2Fwp%2Fv2%2Fcomments&post=5060"}],"version-history":[{"count":1,"href":"https:\/\/audiofutura.fmmiradio.com\/index.php?rest_route=\/wp\/v2\/posts\/5060\/revisions"}],"predecessor-version":[{"id":5064,"href":"https:\/\/audiofutura.fmmiradio.com\/index.php?rest_route=\/wp\/v2\/posts\/5060\/revisions\/5064"}],"wp:featuredmedia":[{"embeddable":true,"href":"https:\/\/audiofutura.fmmiradio.com\/index.php?rest_route=\/wp\/v2\/media\/5061"}],"wp:attachment":[{"href":"https:\/\/audiofutura.fmmiradio.com\/index.php?rest_route=%2Fwp%2Fv2%2Fmedia&parent=5060"}],"wp:term":[{"taxonomy":"category","embeddable":true,"href":"https:\/\/audiofutura.fmmiradio.com\/index.php?rest_route=%2Fwp%2Fv2%2Fcategories&post=5060"},{"taxonomy":"post_tag","embeddable":true,"href":"https:\/\/audiofutura.fmmiradio.com\/index.php?rest_route=%2Fwp%2Fv2%2Ftags&post=5060"}],"curies":[{"name":"wp","href":"https:\/\/api.w.org\/{rel}","templated":true}]}}