{"id":5022,"date":"2026-01-29T16:08:31","date_gmt":"2026-01-29T16:08:31","guid":{"rendered":"https:\/\/audiofutura.fmmiradio.com\/?p=5022"},"modified":"2026-01-29T16:08:32","modified_gmt":"2026-01-29T16:08:32","slug":"la-etapa-6-de-la-vuelta-a-san-juan-recorrera-el-sur-provincial-en-un-trazado-exigente","status":"publish","type":"post","link":"https:\/\/audiofutura.fmmiradio.com\/?p=5022","title":{"rendered":"La etapa 6 de la Vuelta a San Juan recorrer\u00e1 el sur provincial en un trazado exigente"},"content":{"rendered":"\n<p>La <strong>Vuelta a San Juan 2026<\/strong>, en su 41\u00aa edici\u00f3n, avanzar\u00e1 este jueves 29 de enero con una de las jornadas m\u00e1s importantes de la competencia: la <strong>sexta etapa<\/strong>, destinada a ciclistas de las categor\u00edas <strong>Sub 23 y Elite<\/strong>, bajo la modalidad en l\u00ednea.<\/p>\n\n\n\n<p>El recorrido tendr\u00e1 <strong>inicio y final en el departamento Sarmiento<\/strong>, con un trazado que tambi\u00e9n atravesar\u00e1 <strong>Pocito y Rawson<\/strong>, completando un total de <strong>124,3 kil\u00f3metros<\/strong>. La etapa comenzar\u00e1 con un tramo controlado de <strong>1,3 kil\u00f3metros<\/strong> por calles de Media Agua, hasta alcanzar la <strong>Ruta Nacional 40<\/strong>, punto que marcar\u00e1 oficialmente el kil\u00f3metro cero.<\/p>\n\n\n\n<p>Desde all\u00ed, el pelot\u00f3n avanzar\u00e1 hacia el norte por Ruta 40, ingresando a distintas zonas urbanas y arterias principales, entre ellas <strong>calle Aberastain, Calle 11, avenidas Joaqu\u00edn U\u00f1ac y Espa\u00f1a<\/strong>, adem\u00e1s del <strong>anillo de Circunvalaci\u00f3n<\/strong>. Posteriormente, los ciclistas retomar\u00e1n el <strong>Acceso Sur de Ruta 40<\/strong> para emprender el regreso a Media Agua y encarar el tramo final hacia la llegada, ubicada frente a la <strong>Municipalidad de Sarmiento<\/strong>.<\/p>\n\n\n\n<p>El cronograma deportivo incluye una <strong>meta de monta\u00f1a<\/strong> en el kil\u00f3metro <strong>105<\/strong>, situada sobre Ruta 40 en la zona de <strong>El Cerrillo<\/strong>, y dos <strong>metas sprint<\/strong>: la primera en <strong>Aberastain y Furque<\/strong>, en Pocito (kil\u00f3metro 41,7), y la segunda frente al <strong>Vel\u00f3dromo Vicente Alejo Chancay<\/strong>, en el kil\u00f3metro 76,9.<\/p>\n\n\n\n<p>La actividad comenzar\u00e1 a las <strong>14:15<\/strong>, con la concentraci\u00f3n de los corredores en <strong>Plaza Dominguito<\/strong>, frente al edificio municipal de Sarmiento. La <strong>largada oficial<\/strong> est\u00e1 prevista para las <strong>15:30<\/strong>, desde el mismo punto.<\/p>\n\n\n\n<p>Con esta etapa, la competencia contin\u00faa desarroll\u00e1ndose y refuerza el protagonismo de <strong>San Juan<\/strong> como uno de los escenarios m\u00e1s destacados del ciclismo de ruta a nivel regional.<\/p>\n","protected":false},"excerpt":{"rendered":"<p>La Vuelta a San Juan 2026, en su 41\u00aa edici\u00f3n, avanzar\u00e1 este jueves 29 de enero con una de las jornadas m\u00e1s importantes de la competencia: la sexta etapa, destinada a ciclistas de las categor\u00edas Sub 23 y Elite, bajo la modalidad en l\u00ednea. El recorrido tendr\u00e1 inicio y final en el departamento Sarmiento, con &hellip;<\/p>\n","protected":false},"author":4,"featured_media":5023,"comment_status":"open","ping_status":"open","sticky":false,"template":"","format":"standard","meta":{"footnotes":""},"categories":[69],"tags":[],"class_list":["post-5022","post","type-post","status-publish","format-standard","has-post-thumbnail","","category-san-juan"],"yoast_head":"<!-- This site is optimized with the Yoast SEO plugin v25.6 - https:\/\/yoast.com\/wordpress\/plugins\/seo\/ -->\n<title>La etapa 6 de la Vuelta a San Juan recorrer\u00e1 el sur provincial en un trazado exigente - AUDIO FUTURA<\/title>\n<meta name=\"robots\" content=\"index, follow, max-snippet:-1, max-image-preview:large, max-video-preview:-1\" \/>\n<link rel=\"canonical\" href=\"https:\/\/audiofutura.fmmiradio.com\/?p=5022\" \/>\n<meta property=\"og:locale\" content=\"es_ES\" \/>\n<meta property=\"og:type\" content=\"article\" \/>\n<meta property=\"og:title\" content=\"La etapa 6 de la Vuelta a San Juan recorrer\u00e1 el sur provincial en un trazado exigente - AUDIO FUTURA\" \/>\n<meta property=\"og:description\" content=\"La Vuelta a San Juan 2026, en su 41\u00aa edici\u00f3n, avanzar\u00e1 este jueves 29 de enero con una de las jornadas m\u00e1s importantes de la competencia: la sexta etapa, destinada a ciclistas de las categor\u00edas Sub 23 y Elite, bajo la modalidad en l\u00ednea. El recorrido tendr\u00e1 inicio y final en el departamento Sarmiento, con &hellip;\" \/>\n<meta property=\"og:url\" content=\"https:\/\/audiofutura.fmmiradio.com\/?p=5022\" \/>\n<meta property=\"og:site_name\" content=\"AUDIO FUTURA\" \/>\n<meta property=\"article:published_time\" content=\"2026-01-29T16:08:31+00:00\" \/>\n<meta property=\"article:modified_time\" content=\"2026-01-29T16:08:32+00:00\" \/>\n<meta property=\"og:image\" content=\"https:\/\/audiofutura.fmmiradio.com\/wp-content\/uploads\/2026\/01\/ecf0c414367a4d1b3a3123f118874f72_XL.webp\" \/>\n\t<meta property=\"og:image:width\" content=\"480\" \/>\n\t<meta property=\"og:image:height\" content=\"270\" \/>\n\t<meta property=\"og:image:type\" content=\"image\/webp\" \/>\n<meta name=\"author\" content=\"futura\" \/>\n<meta name=\"twitter:card\" content=\"summary_large_image\" \/>\n<meta name=\"twitter:label1\" content=\"Escrito por\" \/>\n\t<meta name=\"twitter:data1\" content=\"futura\" \/>\n\t<meta name=\"twitter:label2\" content=\"Tiempo de lectura\" \/>\n\t<meta name=\"twitter:data2\" content=\"2 minutos\" \/>\n<script type=\"application\/ld+json\" class=\"yoast-schema-graph\">{\"@context\":\"https:\/\/schema.org\",\"@graph\":[{\"@type\":\"WebPage\",\"@id\":\"https:\/\/audiofutura.fmmiradio.com\/?p=5022\",\"url\":\"https:\/\/audiofutura.fmmiradio.com\/?p=5022\",\"name\":\"La etapa 6 de la Vuelta a San Juan recorrer\u00e1 el sur provincial en un trazado exigente - AUDIO FUTURA\",\"isPartOf\":{\"@id\":\"https:\/\/audiofutura.fmmiradio.com\/#website\"},\"primaryImageOfPage\":{\"@id\":\"https:\/\/audiofutura.fmmiradio.com\/?p=5022#primaryimage\"},\"image\":{\"@id\":\"https:\/\/audiofutura.fmmiradio.com\/?p=5022#primaryimage\"},\"thumbnailUrl\":\"https:\/\/audiofutura.fmmiradio.com\/wp-content\/uploads\/2026\/01\/ecf0c414367a4d1b3a3123f118874f72_XL.webp\",\"datePublished\":\"2026-01-29T16:08:31+00:00\",\"dateModified\":\"2026-01-29T16:08:32+00:00\",\"author\":{\"@id\":\"https:\/\/audiofutura.fmmiradio.com\/#\/schema\/person\/bda371d1753c2e5b5dff202eaa5fa9bc\"},\"breadcrumb\":{\"@id\":\"https:\/\/audiofutura.fmmiradio.com\/?p=5022#breadcrumb\"},\"inLanguage\":\"es\",\"potentialAction\":[{\"@type\":\"ReadAction\",\"target\":[\"https:\/\/audiofutura.fmmiradio.com\/?p=5022\"]}]},{\"@type\":\"ImageObject\",\"inLanguage\":\"es\",\"@id\":\"https:\/\/audiofutura.fmmiradio.com\/?p=5022#primaryimage\",\"url\":\"https:\/\/audiofutura.fmmiradio.com\/wp-content\/uploads\/2026\/01\/ecf0c414367a4d1b3a3123f118874f72_XL.webp\",\"contentUrl\":\"https:\/\/audiofutura.fmmiradio.com\/wp-content\/uploads\/2026\/01\/ecf0c414367a4d1b3a3123f118874f72_XL.webp\",\"width\":480,\"height\":270},{\"@type\":\"BreadcrumbList\",\"@id\":\"https:\/\/audiofutura.fmmiradio.com\/?p=5022#breadcrumb\",\"itemListElement\":[{\"@type\":\"ListItem\",\"position\":1,\"name\":\"Portada\",\"item\":\"https:\/\/audiofutura.fmmiradio.com\/\"},{\"@type\":\"ListItem\",\"position\":2,\"name\":\"La etapa 6 de la Vuelta a San Juan recorrer\u00e1 el sur provincial en un trazado exigente\"}]},{\"@type\":\"WebSite\",\"@id\":\"https:\/\/audiofutura.fmmiradio.com\/#website\",\"url\":\"https:\/\/audiofutura.fmmiradio.com\/\",\"name\":\"AUDIO FUTURA\",\"description\":\"\",\"potentialAction\":[{\"@type\":\"SearchAction\",\"target\":{\"@type\":\"EntryPoint\",\"urlTemplate\":\"https:\/\/audiofutura.fmmiradio.com\/?s={search_term_string}\"},\"query-input\":{\"@type\":\"PropertyValueSpecification\",\"valueRequired\":true,\"valueName\":\"search_term_string\"}}],\"inLanguage\":\"es\"},{\"@type\":\"Person\",\"@id\":\"https:\/\/audiofutura.fmmiradio.com\/#\/schema\/person\/bda371d1753c2e5b5dff202eaa5fa9bc\",\"name\":\"futura\",\"image\":{\"@type\":\"ImageObject\",\"inLanguage\":\"es\",\"@id\":\"https:\/\/audiofutura.fmmiradio.com\/#\/schema\/person\/image\/\",\"url\":\"https:\/\/secure.gravatar.com\/avatar\/f6ee1541937ff3e68dac011173779bde?s=96&d=mm&r=g\",\"contentUrl\":\"https:\/\/secure.gravatar.com\/avatar\/f6ee1541937ff3e68dac011173779bde?s=96&d=mm&r=g\",\"caption\":\"futura\"},\"url\":\"https:\/\/audiofutura.fmmiradio.com\/?author=4\"}]}<\/script>\n<!-- \/ Yoast SEO plugin. -->","yoast_head_json":{"title":"La etapa 6 de la Vuelta a San Juan recorrer\u00e1 el sur provincial en un trazado exigente - AUDIO FUTURA","robots":{"index":"index","follow":"follow","max-snippet":"max-snippet:-1","max-image-preview":"max-image-preview:large","max-video-preview":"max-video-preview:-1"},"canonical":"https:\/\/audiofutura.fmmiradio.com\/?p=5022","og_locale":"es_ES","og_type":"article","og_title":"La etapa 6 de la Vuelta a San Juan recorrer\u00e1 el sur provincial en un trazado exigente - AUDIO FUTURA","og_description":"La Vuelta a San Juan 2026, en su 41\u00aa edici\u00f3n, avanzar\u00e1 este jueves 29 de enero con una de las jornadas m\u00e1s importantes de la competencia: la sexta etapa, destinada a ciclistas de las categor\u00edas Sub 23 y Elite, bajo la modalidad en l\u00ednea. El recorrido tendr\u00e1 inicio y final en el departamento Sarmiento, con &hellip;","og_url":"https:\/\/audiofutura.fmmiradio.com\/?p=5022","og_site_name":"AUDIO FUTURA","article_published_time":"2026-01-29T16:08:31+00:00","article_modified_time":"2026-01-29T16:08:32+00:00","og_image":[{"width":480,"height":270,"url":"https:\/\/audiofutura.fmmiradio.com\/wp-content\/uploads\/2026\/01\/ecf0c414367a4d1b3a3123f118874f72_XL.webp","type":"image\/webp"}],"author":"futura","twitter_card":"summary_large_image","twitter_misc":{"Escrito por":"futura","Tiempo de lectura":"2 minutos"},"schema":{"@context":"https:\/\/schema.org","@graph":[{"@type":"WebPage","@id":"https:\/\/audiofutura.fmmiradio.com\/?p=5022","url":"https:\/\/audiofutura.fmmiradio.com\/?p=5022","name":"La etapa 6 de la Vuelta a San Juan recorrer\u00e1 el sur provincial en un trazado exigente - AUDIO FUTURA","isPartOf":{"@id":"https:\/\/audiofutura.fmmiradio.com\/#website"},"primaryImageOfPage":{"@id":"https:\/\/audiofutura.fmmiradio.com\/?p=5022#primaryimage"},"image":{"@id":"https:\/\/audiofutura.fmmiradio.com\/?p=5022#primaryimage"},"thumbnailUrl":"https:\/\/audiofutura.fmmiradio.com\/wp-content\/uploads\/2026\/01\/ecf0c414367a4d1b3a3123f118874f72_XL.webp","datePublished":"2026-01-29T16:08:31+00:00","dateModified":"2026-01-29T16:08:32+00:00","author":{"@id":"https:\/\/audiofutura.fmmiradio.com\/#\/schema\/person\/bda371d1753c2e5b5dff202eaa5fa9bc"},"breadcrumb":{"@id":"https:\/\/audiofutura.fmmiradio.com\/?p=5022#breadcrumb"},"inLanguage":"es","potentialAction":[{"@type":"ReadAction","target":["https:\/\/audiofutura.fmmiradio.com\/?p=5022"]}]},{"@type":"ImageObject","inLanguage":"es","@id":"https:\/\/audiofutura.fmmiradio.com\/?p=5022#primaryimage","url":"https:\/\/audiofutura.fmmiradio.com\/wp-content\/uploads\/2026\/01\/ecf0c414367a4d1b3a3123f118874f72_XL.webp","contentUrl":"https:\/\/audiofutura.fmmiradio.com\/wp-content\/uploads\/2026\/01\/ecf0c414367a4d1b3a3123f118874f72_XL.webp","width":480,"height":270},{"@type":"BreadcrumbList","@id":"https:\/\/audiofutura.fmmiradio.com\/?p=5022#breadcrumb","itemListElement":[{"@type":"ListItem","position":1,"name":"Portada","item":"https:\/\/audiofutura.fmmiradio.com\/"},{"@type":"ListItem","position":2,"name":"La etapa 6 de la Vuelta a San Juan recorrer\u00e1 el sur provincial en un trazado exigente"}]},{"@type":"WebSite","@id":"https:\/\/audiofutura.fmmiradio.com\/#website","url":"https:\/\/audiofutura.fmmiradio.com\/","name":"AUDIO FUTURA","description":"","potentialAction":[{"@type":"SearchAction","target":{"@type":"EntryPoint","urlTemplate":"https:\/\/audiofutura.fmmiradio.com\/?s={search_term_string}"},"query-input":{"@type":"PropertyValueSpecification","valueRequired":true,"valueName":"search_term_string"}}],"inLanguage":"es"},{"@type":"Person","@id":"https:\/\/audiofutura.fmmiradio.com\/#\/schema\/person\/bda371d1753c2e5b5dff202eaa5fa9bc","name":"futura","image":{"@type":"ImageObject","inLanguage":"es","@id":"https:\/\/audiofutura.fmmiradio.com\/#\/schema\/person\/image\/","url":"https:\/\/secure.gravatar.com\/avatar\/f6ee1541937ff3e68dac011173779bde?s=96&d=mm&r=g","contentUrl":"https:\/\/secure.gravatar.com\/avatar\/f6ee1541937ff3e68dac011173779bde?s=96&d=mm&r=g","caption":"futura"},"url":"https:\/\/audiofutura.fmmiradio.com\/?author=4"}]}},"_links":{"self":[{"href":"https:\/\/audiofutura.fmmiradio.com\/index.php?rest_route=\/wp\/v2\/posts\/5022"}],"collection":[{"href":"https:\/\/audiofutura.fmmiradio.com\/index.php?rest_route=\/wp\/v2\/posts"}],"about":[{"href":"https:\/\/audiofutura.fmmiradio.com\/index.php?rest_route=\/wp\/v2\/types\/post"}],"author":[{"embeddable":true,"href":"https:\/\/audiofutura.fmmiradio.com\/index.php?rest_route=\/wp\/v2\/users\/4"}],"replies":[{"embeddable":true,"href":"https:\/\/audiofutura.fmmiradio.com\/index.php?rest_route=%2Fwp%2Fv2%2Fcomments&post=5022"}],"version-history":[{"count":1,"href":"https:\/\/audiofutura.fmmiradio.com\/index.php?rest_route=\/wp\/v2\/posts\/5022\/revisions"}],"predecessor-version":[{"id":5024,"href":"https:\/\/audiofutura.fmmiradio.com\/index.php?rest_route=\/wp\/v2\/posts\/5022\/revisions\/5024"}],"wp:featuredmedia":[{"embeddable":true,"href":"https:\/\/audiofutura.fmmiradio.com\/index.php?rest_route=\/wp\/v2\/media\/5023"}],"wp:attachment":[{"href":"https:\/\/audiofutura.fmmiradio.com\/index.php?rest_route=%2Fwp%2Fv2%2Fmedia&parent=5022"}],"wp:term":[{"taxonomy":"category","embeddable":true,"href":"https:\/\/audiofutura.fmmiradio.com\/index.php?rest_route=%2Fwp%2Fv2%2Fcategories&post=5022"},{"taxonomy":"post_tag","embeddable":true,"href":"https:\/\/audiofutura.fmmiradio.com\/index.php?rest_route=%2Fwp%2Fv2%2Ftags&post=5022"}],"curies":[{"name":"wp","href":"https:\/\/api.w.org\/{rel}","templated":true}]}}