{"id":4320,"date":"2025-08-08T15:16:15","date_gmt":"2025-08-08T15:16:15","guid":{"rendered":"https:\/\/audiofutura.fmmiradio.com\/?p=4320"},"modified":"2025-08-08T15:16:15","modified_gmt":"2025-08-08T15:16:15","slug":"nicolas-tivani-gano-la-primera-etapa-de-la-vuelta-a-portugal","status":"publish","type":"post","link":"https:\/\/audiofutura.fmmiradio.com\/?p=4320","title":{"rendered":"Nicol\u00e1s Tivani gan\u00f3 la primera etapa de la Vuelta a Portugal"},"content":{"rendered":"\n<p><strong>El ciclista sanjuanino del Aviludo \u2013 Louletano se impuso en un sprint espectacular en el Santuario de Sameiro, Braga.<\/strong><\/p>\n\n\n\n<p>El argentino Nicol\u00e1s Tivani (Aviludo \u2013 Louletano) se qued\u00f3 con la <strong>1\u00aa etapa<\/strong> de la 86\u00aa edici\u00f3n de la <strong>Vuelta a Portugal<\/strong>, tras un final explosivo en el emblem\u00e1tico <strong>Santuario de Sameiro<\/strong>, en Braga.<\/p>\n\n\n\n<p>El sanjuanino recorri\u00f3 los <strong>162,3 kil\u00f3metros<\/strong> entre Viana do Castelo y Sameiro, superando en la l\u00ednea de meta al colombiano <strong>Jes\u00fas David Pe\u00f1a<\/strong> y al australiano <strong>Brady Gilmore<\/strong>, quienes completaron el podio.<\/p>\n\n\n\n<p>Con esta victoria, Tivani se viste de l\u00edder y suma un nuevo logro internacional a su carrera, confirmando su gran estado de forma.<\/p>\n\n\n\n<p><a href=\"https:\/\/www.facebook.com\/watch\/?v=1430370701341432&amp;rdid=0INyrPPkea3ohnLM\">https:\/\/www.facebook.com\/watch\/?v=1430370701341432&amp;rdid=0INyrPPkea3ohnLM<\/a><\/p>\n","protected":false},"excerpt":{"rendered":"<p>El ciclista sanjuanino del Aviludo \u2013 Louletano se impuso en un sprint espectacular en el Santuario de Sameiro, Braga. El argentino Nicol\u00e1s Tivani (Aviludo \u2013 Louletano) se qued\u00f3 con la 1\u00aa etapa de la 86\u00aa edici\u00f3n de la Vuelta a Portugal, tras un final explosivo en el emblem\u00e1tico Santuario de Sameiro, en Braga. El sanjuanino &hellip;<\/p>\n","protected":false},"author":4,"featured_media":4321,"comment_status":"open","ping_status":"open","sticky":false,"template":"","format":"standard","meta":{"footnotes":""},"categories":[78,66],"tags":[],"class_list":["post-4320","post","type-post","status-publish","format-standard","has-post-thumbnail","","category-espectaculos","category-nacionales"],"yoast_head":"<!-- This site is optimized with the Yoast SEO plugin v25.6 - https:\/\/yoast.com\/wordpress\/plugins\/seo\/ -->\n<title>Nicol\u00e1s Tivani gan\u00f3 la primera etapa de la Vuelta a Portugal - AUDIO FUTURA<\/title>\n<meta name=\"robots\" content=\"index, follow, max-snippet:-1, max-image-preview:large, max-video-preview:-1\" \/>\n<link rel=\"canonical\" href=\"https:\/\/audiofutura.fmmiradio.com\/?p=4320\" \/>\n<meta property=\"og:locale\" content=\"es_ES\" \/>\n<meta property=\"og:type\" content=\"article\" \/>\n<meta property=\"og:title\" content=\"Nicol\u00e1s Tivani gan\u00f3 la primera etapa de la Vuelta a Portugal - AUDIO FUTURA\" \/>\n<meta property=\"og:description\" content=\"El ciclista sanjuanino del Aviludo \u2013 Louletano se impuso en un sprint espectacular en el Santuario de Sameiro, Braga. El argentino Nicol\u00e1s Tivani (Aviludo \u2013 Louletano) se qued\u00f3 con la 1\u00aa etapa de la 86\u00aa edici\u00f3n de la Vuelta a Portugal, tras un final explosivo en el emblem\u00e1tico Santuario de Sameiro, en Braga. El sanjuanino &hellip;\" \/>\n<meta property=\"og:url\" content=\"https:\/\/audiofutura.fmmiradio.com\/?p=4320\" \/>\n<meta property=\"og:site_name\" content=\"AUDIO FUTURA\" \/>\n<meta property=\"article:published_time\" content=\"2025-08-08T15:16:15+00:00\" \/>\n<meta property=\"og:image\" content=\"https:\/\/audiofutura.fmmiradio.com\/wp-content\/uploads\/2025\/08\/Imagen1-2.png\" \/>\n\t<meta property=\"og:image:width\" content=\"603\" \/>\n\t<meta property=\"og:image:height\" content=\"605\" \/>\n\t<meta property=\"og:image:type\" content=\"image\/png\" \/>\n<meta name=\"author\" content=\"futura\" \/>\n<meta name=\"twitter:card\" content=\"summary_large_image\" \/>\n<meta name=\"twitter:label1\" content=\"Escrito por\" \/>\n\t<meta name=\"twitter:data1\" content=\"futura\" \/>\n\t<meta name=\"twitter:label2\" content=\"Tiempo de lectura\" \/>\n\t<meta name=\"twitter:data2\" content=\"1 minuto\" \/>\n<script type=\"application\/ld+json\" class=\"yoast-schema-graph\">{\"@context\":\"https:\/\/schema.org\",\"@graph\":[{\"@type\":\"WebPage\",\"@id\":\"https:\/\/audiofutura.fmmiradio.com\/?p=4320\",\"url\":\"https:\/\/audiofutura.fmmiradio.com\/?p=4320\",\"name\":\"Nicol\u00e1s Tivani gan\u00f3 la primera etapa de la Vuelta a Portugal - AUDIO FUTURA\",\"isPartOf\":{\"@id\":\"https:\/\/audiofutura.fmmiradio.com\/#website\"},\"primaryImageOfPage\":{\"@id\":\"https:\/\/audiofutura.fmmiradio.com\/?p=4320#primaryimage\"},\"image\":{\"@id\":\"https:\/\/audiofutura.fmmiradio.com\/?p=4320#primaryimage\"},\"thumbnailUrl\":\"https:\/\/audiofutura.fmmiradio.com\/wp-content\/uploads\/2025\/08\/Imagen1-2.png\",\"datePublished\":\"2025-08-08T15:16:15+00:00\",\"author\":{\"@id\":\"https:\/\/audiofutura.fmmiradio.com\/#\/schema\/person\/bda371d1753c2e5b5dff202eaa5fa9bc\"},\"breadcrumb\":{\"@id\":\"https:\/\/audiofutura.fmmiradio.com\/?p=4320#breadcrumb\"},\"inLanguage\":\"es\",\"potentialAction\":[{\"@type\":\"ReadAction\",\"target\":[\"https:\/\/audiofutura.fmmiradio.com\/?p=4320\"]}]},{\"@type\":\"ImageObject\",\"inLanguage\":\"es\",\"@id\":\"https:\/\/audiofutura.fmmiradio.com\/?p=4320#primaryimage\",\"url\":\"https:\/\/audiofutura.fmmiradio.com\/wp-content\/uploads\/2025\/08\/Imagen1-2.png\",\"contentUrl\":\"https:\/\/audiofutura.fmmiradio.com\/wp-content\/uploads\/2025\/08\/Imagen1-2.png\",\"width\":603,\"height\":605},{\"@type\":\"BreadcrumbList\",\"@id\":\"https:\/\/audiofutura.fmmiradio.com\/?p=4320#breadcrumb\",\"itemListElement\":[{\"@type\":\"ListItem\",\"position\":1,\"name\":\"Portada\",\"item\":\"https:\/\/audiofutura.fmmiradio.com\/\"},{\"@type\":\"ListItem\",\"position\":2,\"name\":\"Nicol\u00e1s Tivani gan\u00f3 la primera etapa de la Vuelta a Portugal\"}]},{\"@type\":\"WebSite\",\"@id\":\"https:\/\/audiofutura.fmmiradio.com\/#website\",\"url\":\"https:\/\/audiofutura.fmmiradio.com\/\",\"name\":\"AUDIO FUTURA\",\"description\":\"\",\"potentialAction\":[{\"@type\":\"SearchAction\",\"target\":{\"@type\":\"EntryPoint\",\"urlTemplate\":\"https:\/\/audiofutura.fmmiradio.com\/?s={search_term_string}\"},\"query-input\":{\"@type\":\"PropertyValueSpecification\",\"valueRequired\":true,\"valueName\":\"search_term_string\"}}],\"inLanguage\":\"es\"},{\"@type\":\"Person\",\"@id\":\"https:\/\/audiofutura.fmmiradio.com\/#\/schema\/person\/bda371d1753c2e5b5dff202eaa5fa9bc\",\"name\":\"futura\",\"image\":{\"@type\":\"ImageObject\",\"inLanguage\":\"es\",\"@id\":\"https:\/\/audiofutura.fmmiradio.com\/#\/schema\/person\/image\/\",\"url\":\"https:\/\/secure.gravatar.com\/avatar\/f6ee1541937ff3e68dac011173779bde?s=96&d=mm&r=g\",\"contentUrl\":\"https:\/\/secure.gravatar.com\/avatar\/f6ee1541937ff3e68dac011173779bde?s=96&d=mm&r=g\",\"caption\":\"futura\"},\"url\":\"https:\/\/audiofutura.fmmiradio.com\/?author=4\"}]}<\/script>\n<!-- \/ Yoast SEO plugin. -->","yoast_head_json":{"title":"Nicol\u00e1s Tivani gan\u00f3 la primera etapa de la Vuelta a Portugal - AUDIO FUTURA","robots":{"index":"index","follow":"follow","max-snippet":"max-snippet:-1","max-image-preview":"max-image-preview:large","max-video-preview":"max-video-preview:-1"},"canonical":"https:\/\/audiofutura.fmmiradio.com\/?p=4320","og_locale":"es_ES","og_type":"article","og_title":"Nicol\u00e1s Tivani gan\u00f3 la primera etapa de la Vuelta a Portugal - AUDIO FUTURA","og_description":"El ciclista sanjuanino del Aviludo \u2013 Louletano se impuso en un sprint espectacular en el Santuario de Sameiro, Braga. El argentino Nicol\u00e1s Tivani (Aviludo \u2013 Louletano) se qued\u00f3 con la 1\u00aa etapa de la 86\u00aa edici\u00f3n de la Vuelta a Portugal, tras un final explosivo en el emblem\u00e1tico Santuario de Sameiro, en Braga. El sanjuanino &hellip;","og_url":"https:\/\/audiofutura.fmmiradio.com\/?p=4320","og_site_name":"AUDIO FUTURA","article_published_time":"2025-08-08T15:16:15+00:00","og_image":[{"width":603,"height":605,"url":"https:\/\/audiofutura.fmmiradio.com\/wp-content\/uploads\/2025\/08\/Imagen1-2.png","type":"image\/png"}],"author":"futura","twitter_card":"summary_large_image","twitter_misc":{"Escrito por":"futura","Tiempo de lectura":"1 minuto"},"schema":{"@context":"https:\/\/schema.org","@graph":[{"@type":"WebPage","@id":"https:\/\/audiofutura.fmmiradio.com\/?p=4320","url":"https:\/\/audiofutura.fmmiradio.com\/?p=4320","name":"Nicol\u00e1s Tivani gan\u00f3 la primera etapa de la Vuelta a Portugal - AUDIO FUTURA","isPartOf":{"@id":"https:\/\/audiofutura.fmmiradio.com\/#website"},"primaryImageOfPage":{"@id":"https:\/\/audiofutura.fmmiradio.com\/?p=4320#primaryimage"},"image":{"@id":"https:\/\/audiofutura.fmmiradio.com\/?p=4320#primaryimage"},"thumbnailUrl":"https:\/\/audiofutura.fmmiradio.com\/wp-content\/uploads\/2025\/08\/Imagen1-2.png","datePublished":"2025-08-08T15:16:15+00:00","author":{"@id":"https:\/\/audiofutura.fmmiradio.com\/#\/schema\/person\/bda371d1753c2e5b5dff202eaa5fa9bc"},"breadcrumb":{"@id":"https:\/\/audiofutura.fmmiradio.com\/?p=4320#breadcrumb"},"inLanguage":"es","potentialAction":[{"@type":"ReadAction","target":["https:\/\/audiofutura.fmmiradio.com\/?p=4320"]}]},{"@type":"ImageObject","inLanguage":"es","@id":"https:\/\/audiofutura.fmmiradio.com\/?p=4320#primaryimage","url":"https:\/\/audiofutura.fmmiradio.com\/wp-content\/uploads\/2025\/08\/Imagen1-2.png","contentUrl":"https:\/\/audiofutura.fmmiradio.com\/wp-content\/uploads\/2025\/08\/Imagen1-2.png","width":603,"height":605},{"@type":"BreadcrumbList","@id":"https:\/\/audiofutura.fmmiradio.com\/?p=4320#breadcrumb","itemListElement":[{"@type":"ListItem","position":1,"name":"Portada","item":"https:\/\/audiofutura.fmmiradio.com\/"},{"@type":"ListItem","position":2,"name":"Nicol\u00e1s Tivani gan\u00f3 la primera etapa de la Vuelta a Portugal"}]},{"@type":"WebSite","@id":"https:\/\/audiofutura.fmmiradio.com\/#website","url":"https:\/\/audiofutura.fmmiradio.com\/","name":"AUDIO FUTURA","description":"","potentialAction":[{"@type":"SearchAction","target":{"@type":"EntryPoint","urlTemplate":"https:\/\/audiofutura.fmmiradio.com\/?s={search_term_string}"},"query-input":{"@type":"PropertyValueSpecification","valueRequired":true,"valueName":"search_term_string"}}],"inLanguage":"es"},{"@type":"Person","@id":"https:\/\/audiofutura.fmmiradio.com\/#\/schema\/person\/bda371d1753c2e5b5dff202eaa5fa9bc","name":"futura","image":{"@type":"ImageObject","inLanguage":"es","@id":"https:\/\/audiofutura.fmmiradio.com\/#\/schema\/person\/image\/","url":"https:\/\/secure.gravatar.com\/avatar\/f6ee1541937ff3e68dac011173779bde?s=96&d=mm&r=g","contentUrl":"https:\/\/secure.gravatar.com\/avatar\/f6ee1541937ff3e68dac011173779bde?s=96&d=mm&r=g","caption":"futura"},"url":"https:\/\/audiofutura.fmmiradio.com\/?author=4"}]}},"_links":{"self":[{"href":"https:\/\/audiofutura.fmmiradio.com\/index.php?rest_route=\/wp\/v2\/posts\/4320"}],"collection":[{"href":"https:\/\/audiofutura.fmmiradio.com\/index.php?rest_route=\/wp\/v2\/posts"}],"about":[{"href":"https:\/\/audiofutura.fmmiradio.com\/index.php?rest_route=\/wp\/v2\/types\/post"}],"author":[{"embeddable":true,"href":"https:\/\/audiofutura.fmmiradio.com\/index.php?rest_route=\/wp\/v2\/users\/4"}],"replies":[{"embeddable":true,"href":"https:\/\/audiofutura.fmmiradio.com\/index.php?rest_route=%2Fwp%2Fv2%2Fcomments&post=4320"}],"version-history":[{"count":1,"href":"https:\/\/audiofutura.fmmiradio.com\/index.php?rest_route=\/wp\/v2\/posts\/4320\/revisions"}],"predecessor-version":[{"id":4322,"href":"https:\/\/audiofutura.fmmiradio.com\/index.php?rest_route=\/wp\/v2\/posts\/4320\/revisions\/4322"}],"wp:featuredmedia":[{"embeddable":true,"href":"https:\/\/audiofutura.fmmiradio.com\/index.php?rest_route=\/wp\/v2\/media\/4321"}],"wp:attachment":[{"href":"https:\/\/audiofutura.fmmiradio.com\/index.php?rest_route=%2Fwp%2Fv2%2Fmedia&parent=4320"}],"wp:term":[{"taxonomy":"category","embeddable":true,"href":"https:\/\/audiofutura.fmmiradio.com\/index.php?rest_route=%2Fwp%2Fv2%2Fcategories&post=4320"},{"taxonomy":"post_tag","embeddable":true,"href":"https:\/\/audiofutura.fmmiradio.com\/index.php?rest_route=%2Fwp%2Fv2%2Ftags&post=4320"}],"curies":[{"name":"wp","href":"https:\/\/api.w.org\/{rel}","templated":true}]}}