{"id":4250,"date":"2025-08-06T15:20:57","date_gmt":"2025-08-06T15:20:57","guid":{"rendered":"https:\/\/audiofutura.fmmiradio.com\/?p=4250"},"modified":"2025-08-06T15:20:58","modified_gmt":"2025-08-06T15:20:58","slug":"identificaron-al-adolescente-hallado-enterrado-junto-a-la-casa-que-habito-gustavo-cerati-estaba-desaparecido-desde-1984","status":"publish","type":"post","link":"https:\/\/audiofutura.fmmiradio.com\/?p=4250","title":{"rendered":"Identificaron al adolescente hallado enterrado junto a la casa que habit\u00f3 Gustavo Cerati: estaba desaparecido desde 1984"},"content":{"rendered":"\n<p><strong>Ten\u00eda 16 a\u00f1os. Lo encontraron obreros durante una excavaci\u00f3n. El EAAF confirm\u00f3 su identidad gracias a una prueba de ADN.<\/strong><\/p>\n\n\n\n<p>Luego de casi tres meses de investigaci\u00f3n, el Equipo Argentino de Antropolog\u00eda Forense (EAAF) logr\u00f3 identificar al joven cuyos restos fueron hallados el pasado <strong>20 de mayo<\/strong>, enterrados en el terreno de una casa lindera al chalet que alguna vez habit\u00f3 <strong>Gustavo Cerati<\/strong>, l\u00edder de Soda Stereo.<\/p>\n\n\n\n<p>Se trata de <strong>Diego<\/strong>, un adolescente de <strong>16 a\u00f1os<\/strong> que estaba desaparecido desde <strong>1984<\/strong>, seg\u00fan confirmaron fuentes judiciales. La identificaci\u00f3n fue posible gracias a una <strong>prueba de ADN<\/strong> tomada a su madre, la cual arroj\u00f3 una <strong>coincidencia exacta<\/strong>, tal como adelant\u00f3 el diario Clar\u00edn.<\/p>\n\n\n\n<h3 class=\"wp-block-heading\">El hallazgo<\/h3>\n\n\n\n<p>El cuerpo fue descubierto por obreros durante una excavaci\u00f3n sobre la avenida <strong>Congreso al 3700<\/strong>, en el barrio porte\u00f1o de N\u00fa\u00f1ez. Mientras remov\u00edan tierra, una parte del terreno lindero se desprendi\u00f3 y dej\u00f3 al descubierto restos \u00f3seos humanos. Tras la denuncia, intervino la Polic\u00eda de la Ciudad y comenz\u00f3 una investigaci\u00f3n bajo la conducci\u00f3n de la Fiscal\u00eda Nacional en lo Criminal y Correccional N\u00ba61, a cargo del <strong>fiscal Mart\u00edn L\u00f3pez Perrando<\/strong>.<\/p>\n\n\n\n<p>De acuerdo al informe de la Polic\u00eda Cient\u00edfica, se recuperaron <strong>151 restos \u00f3seos<\/strong> distribuidos en <strong>cuatro sobres de madera<\/strong>. El cuerpo estaba enterrado en una <strong>fosa peque\u00f1a<\/strong>, de aproximadamente 1,20 metros de largo por 60 cm de ancho y 40 cm de profundidad, lo que sugiere que fue sepultado r\u00e1pidamente y sin herramientas sofisticadas. Junto al cad\u00e1ver se hall\u00f3, entre otros objetos, un <strong>reloj Casio CA-90 con calculadora<\/strong>, un modelo cl\u00e1sico de la \u00e9poca.<\/p>\n\n\n\n<h3 class=\"wp-block-heading\">Una casa con historia<\/h3>\n\n\n\n<p>La casona donde apareci\u00f3 el cuerpo tiene una historia singular. A lo largo de los a\u00f1os funcion\u00f3 como vivienda familiar, <strong>geri\u00e1trico, iglesia y espacio art\u00edstico<\/strong>. Fue habitada por reconocidas figuras culturales, entre ellas la artista pl\u00e1stica <strong>Marina Olmi<\/strong>, hermana del actor <strong>Boy Olmi<\/strong>, quien la adquiri\u00f3 de los herederos de una mujer alemana, <strong>Olga Schuddekopf<\/strong>.<\/p>\n\n\n\n<p>Durante su estad\u00eda en Espa\u00f1a, Olmi alquil\u00f3 el inmueble a diferentes artistas. Entre ellos, Gustavo Cerati, que vivi\u00f3 all\u00ed entre <strong>2001 y 2003<\/strong>, y tambi\u00e9n <strong>Hilda Lizarazu y Tito Losavio<\/strong>, amigos personales de la due\u00f1a.<\/p>\n\n\n\n<p>La propiedad contaba con dos viviendas, una principal y otra al fondo, jard\u00edn, piscina y talleres. Actualmente se encuentra demolida.<\/p>\n\n\n\n<h3 class=\"wp-block-heading\">Investigaci\u00f3n en curso<\/h3>\n\n\n\n<p>El caso ahora est\u00e1 en plena etapa investigativa. El <strong>EAAF<\/strong> contin\u00faa trabajando con los elementos hallados en el lugar y con testimonios para reconstruir las circunstancias que rodearon la muerte del joven Diego, desaparecido hace m\u00e1s de cuatro d\u00e9cadas.<\/p>\n\n\n\n<p>Seg\u00fan trascendi\u00f3, la Justicia busca determinar si se trat\u00f3 de un homicidio y qui\u00e9n fue el responsable del entierro clandestino en una propiedad que, a\u00f1os m\u00e1s tarde, se convertir\u00eda en residencia de una de las m\u00e1ximas figuras del rock argentino.<\/p>\n","protected":false},"excerpt":{"rendered":"<p>Ten\u00eda 16 a\u00f1os. Lo encontraron obreros durante una excavaci\u00f3n. El EAAF confirm\u00f3 su identidad gracias a una prueba de ADN. Luego de casi tres meses de investigaci\u00f3n, el Equipo Argentino de Antropolog\u00eda Forense (EAAF) logr\u00f3 identificar al joven cuyos restos fueron hallados el pasado 20 de mayo, enterrados en el terreno de una casa lindera &hellip;<\/p>\n","protected":false},"author":4,"featured_media":4251,"comment_status":"open","ping_status":"open","sticky":false,"template":"","format":"standard","meta":{"footnotes":""},"categories":[78],"tags":[],"class_list":["post-4250","post","type-post","status-publish","format-standard","has-post-thumbnail","","category-espectaculos"],"yoast_head":"<!-- This site is optimized with the Yoast SEO plugin v25.6 - https:\/\/yoast.com\/wordpress\/plugins\/seo\/ -->\n<title>Identificaron al adolescente hallado enterrado junto a la casa que habit\u00f3 Gustavo Cerati: estaba desaparecido desde 1984 - AUDIO FUTURA<\/title>\n<meta name=\"robots\" content=\"index, follow, max-snippet:-1, max-image-preview:large, max-video-preview:-1\" \/>\n<link rel=\"canonical\" href=\"https:\/\/audiofutura.fmmiradio.com\/?p=4250\" \/>\n<meta property=\"og:locale\" content=\"es_ES\" \/>\n<meta property=\"og:type\" content=\"article\" \/>\n<meta property=\"og:title\" content=\"Identificaron al adolescente hallado enterrado junto a la casa que habit\u00f3 Gustavo Cerati: estaba desaparecido desde 1984 - AUDIO FUTURA\" \/>\n<meta property=\"og:description\" content=\"Ten\u00eda 16 a\u00f1os. Lo encontraron obreros durante una excavaci\u00f3n. El EAAF confirm\u00f3 su identidad gracias a una prueba de ADN. Luego de casi tres meses de investigaci\u00f3n, el Equipo Argentino de Antropolog\u00eda Forense (EAAF) logr\u00f3 identificar al joven cuyos restos fueron hallados el pasado 20 de mayo, enterrados en el terreno de una casa lindera &hellip;\" \/>\n<meta property=\"og:url\" content=\"https:\/\/audiofutura.fmmiradio.com\/?p=4250\" \/>\n<meta property=\"og:site_name\" content=\"AUDIO FUTURA\" \/>\n<meta property=\"article:published_time\" content=\"2025-08-06T15:20:57+00:00\" \/>\n<meta property=\"article:modified_time\" content=\"2025-08-06T15:20:58+00:00\" \/>\n<meta property=\"og:image\" content=\"https:\/\/audiofutura.fmmiradio.com\/wp-content\/uploads\/2025\/08\/Imagen1.png\" \/>\n\t<meta property=\"og:image:width\" content=\"752\" \/>\n\t<meta property=\"og:image:height\" content=\"419\" \/>\n\t<meta property=\"og:image:type\" content=\"image\/png\" \/>\n<meta name=\"author\" content=\"futura\" \/>\n<meta name=\"twitter:card\" content=\"summary_large_image\" \/>\n<meta name=\"twitter:label1\" content=\"Escrito por\" \/>\n\t<meta name=\"twitter:data1\" content=\"futura\" \/>\n\t<meta name=\"twitter:label2\" content=\"Tiempo de lectura\" \/>\n\t<meta name=\"twitter:data2\" content=\"3 minutos\" \/>\n<script type=\"application\/ld+json\" class=\"yoast-schema-graph\">{\"@context\":\"https:\/\/schema.org\",\"@graph\":[{\"@type\":\"WebPage\",\"@id\":\"https:\/\/audiofutura.fmmiradio.com\/?p=4250\",\"url\":\"https:\/\/audiofutura.fmmiradio.com\/?p=4250\",\"name\":\"Identificaron al adolescente hallado enterrado junto a la casa que habit\u00f3 Gustavo Cerati: estaba desaparecido desde 1984 - AUDIO FUTURA\",\"isPartOf\":{\"@id\":\"https:\/\/audiofutura.fmmiradio.com\/#website\"},\"primaryImageOfPage\":{\"@id\":\"https:\/\/audiofutura.fmmiradio.com\/?p=4250#primaryimage\"},\"image\":{\"@id\":\"https:\/\/audiofutura.fmmiradio.com\/?p=4250#primaryimage\"},\"thumbnailUrl\":\"https:\/\/audiofutura.fmmiradio.com\/wp-content\/uploads\/2025\/08\/Imagen1.png\",\"datePublished\":\"2025-08-06T15:20:57+00:00\",\"dateModified\":\"2025-08-06T15:20:58+00:00\",\"author\":{\"@id\":\"https:\/\/audiofutura.fmmiradio.com\/#\/schema\/person\/bda371d1753c2e5b5dff202eaa5fa9bc\"},\"breadcrumb\":{\"@id\":\"https:\/\/audiofutura.fmmiradio.com\/?p=4250#breadcrumb\"},\"inLanguage\":\"es\",\"potentialAction\":[{\"@type\":\"ReadAction\",\"target\":[\"https:\/\/audiofutura.fmmiradio.com\/?p=4250\"]}]},{\"@type\":\"ImageObject\",\"inLanguage\":\"es\",\"@id\":\"https:\/\/audiofutura.fmmiradio.com\/?p=4250#primaryimage\",\"url\":\"https:\/\/audiofutura.fmmiradio.com\/wp-content\/uploads\/2025\/08\/Imagen1.png\",\"contentUrl\":\"https:\/\/audiofutura.fmmiradio.com\/wp-content\/uploads\/2025\/08\/Imagen1.png\",\"width\":752,\"height\":419},{\"@type\":\"BreadcrumbList\",\"@id\":\"https:\/\/audiofutura.fmmiradio.com\/?p=4250#breadcrumb\",\"itemListElement\":[{\"@type\":\"ListItem\",\"position\":1,\"name\":\"Portada\",\"item\":\"https:\/\/audiofutura.fmmiradio.com\/\"},{\"@type\":\"ListItem\",\"position\":2,\"name\":\"Identificaron al adolescente hallado enterrado junto a la casa que habit\u00f3 Gustavo Cerati: estaba desaparecido desde 1984\"}]},{\"@type\":\"WebSite\",\"@id\":\"https:\/\/audiofutura.fmmiradio.com\/#website\",\"url\":\"https:\/\/audiofutura.fmmiradio.com\/\",\"name\":\"AUDIO FUTURA\",\"description\":\"\",\"potentialAction\":[{\"@type\":\"SearchAction\",\"target\":{\"@type\":\"EntryPoint\",\"urlTemplate\":\"https:\/\/audiofutura.fmmiradio.com\/?s={search_term_string}\"},\"query-input\":{\"@type\":\"PropertyValueSpecification\",\"valueRequired\":true,\"valueName\":\"search_term_string\"}}],\"inLanguage\":\"es\"},{\"@type\":\"Person\",\"@id\":\"https:\/\/audiofutura.fmmiradio.com\/#\/schema\/person\/bda371d1753c2e5b5dff202eaa5fa9bc\",\"name\":\"futura\",\"image\":{\"@type\":\"ImageObject\",\"inLanguage\":\"es\",\"@id\":\"https:\/\/audiofutura.fmmiradio.com\/#\/schema\/person\/image\/\",\"url\":\"https:\/\/secure.gravatar.com\/avatar\/f6ee1541937ff3e68dac011173779bde?s=96&d=mm&r=g\",\"contentUrl\":\"https:\/\/secure.gravatar.com\/avatar\/f6ee1541937ff3e68dac011173779bde?s=96&d=mm&r=g\",\"caption\":\"futura\"},\"url\":\"https:\/\/audiofutura.fmmiradio.com\/?author=4\"}]}<\/script>\n<!-- \/ Yoast SEO plugin. -->","yoast_head_json":{"title":"Identificaron al adolescente hallado enterrado junto a la casa que habit\u00f3 Gustavo Cerati: estaba desaparecido desde 1984 - AUDIO FUTURA","robots":{"index":"index","follow":"follow","max-snippet":"max-snippet:-1","max-image-preview":"max-image-preview:large","max-video-preview":"max-video-preview:-1"},"canonical":"https:\/\/audiofutura.fmmiradio.com\/?p=4250","og_locale":"es_ES","og_type":"article","og_title":"Identificaron al adolescente hallado enterrado junto a la casa que habit\u00f3 Gustavo Cerati: estaba desaparecido desde 1984 - AUDIO FUTURA","og_description":"Ten\u00eda 16 a\u00f1os. Lo encontraron obreros durante una excavaci\u00f3n. El EAAF confirm\u00f3 su identidad gracias a una prueba de ADN. Luego de casi tres meses de investigaci\u00f3n, el Equipo Argentino de Antropolog\u00eda Forense (EAAF) logr\u00f3 identificar al joven cuyos restos fueron hallados el pasado 20 de mayo, enterrados en el terreno de una casa lindera &hellip;","og_url":"https:\/\/audiofutura.fmmiradio.com\/?p=4250","og_site_name":"AUDIO FUTURA","article_published_time":"2025-08-06T15:20:57+00:00","article_modified_time":"2025-08-06T15:20:58+00:00","og_image":[{"width":752,"height":419,"url":"https:\/\/audiofutura.fmmiradio.com\/wp-content\/uploads\/2025\/08\/Imagen1.png","type":"image\/png"}],"author":"futura","twitter_card":"summary_large_image","twitter_misc":{"Escrito por":"futura","Tiempo de lectura":"3 minutos"},"schema":{"@context":"https:\/\/schema.org","@graph":[{"@type":"WebPage","@id":"https:\/\/audiofutura.fmmiradio.com\/?p=4250","url":"https:\/\/audiofutura.fmmiradio.com\/?p=4250","name":"Identificaron al adolescente hallado enterrado junto a la casa que habit\u00f3 Gustavo Cerati: estaba desaparecido desde 1984 - AUDIO FUTURA","isPartOf":{"@id":"https:\/\/audiofutura.fmmiradio.com\/#website"},"primaryImageOfPage":{"@id":"https:\/\/audiofutura.fmmiradio.com\/?p=4250#primaryimage"},"image":{"@id":"https:\/\/audiofutura.fmmiradio.com\/?p=4250#primaryimage"},"thumbnailUrl":"https:\/\/audiofutura.fmmiradio.com\/wp-content\/uploads\/2025\/08\/Imagen1.png","datePublished":"2025-08-06T15:20:57+00:00","dateModified":"2025-08-06T15:20:58+00:00","author":{"@id":"https:\/\/audiofutura.fmmiradio.com\/#\/schema\/person\/bda371d1753c2e5b5dff202eaa5fa9bc"},"breadcrumb":{"@id":"https:\/\/audiofutura.fmmiradio.com\/?p=4250#breadcrumb"},"inLanguage":"es","potentialAction":[{"@type":"ReadAction","target":["https:\/\/audiofutura.fmmiradio.com\/?p=4250"]}]},{"@type":"ImageObject","inLanguage":"es","@id":"https:\/\/audiofutura.fmmiradio.com\/?p=4250#primaryimage","url":"https:\/\/audiofutura.fmmiradio.com\/wp-content\/uploads\/2025\/08\/Imagen1.png","contentUrl":"https:\/\/audiofutura.fmmiradio.com\/wp-content\/uploads\/2025\/08\/Imagen1.png","width":752,"height":419},{"@type":"BreadcrumbList","@id":"https:\/\/audiofutura.fmmiradio.com\/?p=4250#breadcrumb","itemListElement":[{"@type":"ListItem","position":1,"name":"Portada","item":"https:\/\/audiofutura.fmmiradio.com\/"},{"@type":"ListItem","position":2,"name":"Identificaron al adolescente hallado enterrado junto a la casa que habit\u00f3 Gustavo Cerati: estaba desaparecido desde 1984"}]},{"@type":"WebSite","@id":"https:\/\/audiofutura.fmmiradio.com\/#website","url":"https:\/\/audiofutura.fmmiradio.com\/","name":"AUDIO FUTURA","description":"","potentialAction":[{"@type":"SearchAction","target":{"@type":"EntryPoint","urlTemplate":"https:\/\/audiofutura.fmmiradio.com\/?s={search_term_string}"},"query-input":{"@type":"PropertyValueSpecification","valueRequired":true,"valueName":"search_term_string"}}],"inLanguage":"es"},{"@type":"Person","@id":"https:\/\/audiofutura.fmmiradio.com\/#\/schema\/person\/bda371d1753c2e5b5dff202eaa5fa9bc","name":"futura","image":{"@type":"ImageObject","inLanguage":"es","@id":"https:\/\/audiofutura.fmmiradio.com\/#\/schema\/person\/image\/","url":"https:\/\/secure.gravatar.com\/avatar\/f6ee1541937ff3e68dac011173779bde?s=96&d=mm&r=g","contentUrl":"https:\/\/secure.gravatar.com\/avatar\/f6ee1541937ff3e68dac011173779bde?s=96&d=mm&r=g","caption":"futura"},"url":"https:\/\/audiofutura.fmmiradio.com\/?author=4"}]}},"_links":{"self":[{"href":"https:\/\/audiofutura.fmmiradio.com\/index.php?rest_route=\/wp\/v2\/posts\/4250"}],"collection":[{"href":"https:\/\/audiofutura.fmmiradio.com\/index.php?rest_route=\/wp\/v2\/posts"}],"about":[{"href":"https:\/\/audiofutura.fmmiradio.com\/index.php?rest_route=\/wp\/v2\/types\/post"}],"author":[{"embeddable":true,"href":"https:\/\/audiofutura.fmmiradio.com\/index.php?rest_route=\/wp\/v2\/users\/4"}],"replies":[{"embeddable":true,"href":"https:\/\/audiofutura.fmmiradio.com\/index.php?rest_route=%2Fwp%2Fv2%2Fcomments&post=4250"}],"version-history":[{"count":1,"href":"https:\/\/audiofutura.fmmiradio.com\/index.php?rest_route=\/wp\/v2\/posts\/4250\/revisions"}],"predecessor-version":[{"id":4252,"href":"https:\/\/audiofutura.fmmiradio.com\/index.php?rest_route=\/wp\/v2\/posts\/4250\/revisions\/4252"}],"wp:featuredmedia":[{"embeddable":true,"href":"https:\/\/audiofutura.fmmiradio.com\/index.php?rest_route=\/wp\/v2\/media\/4251"}],"wp:attachment":[{"href":"https:\/\/audiofutura.fmmiradio.com\/index.php?rest_route=%2Fwp%2Fv2%2Fmedia&parent=4250"}],"wp:term":[{"taxonomy":"category","embeddable":true,"href":"https:\/\/audiofutura.fmmiradio.com\/index.php?rest_route=%2Fwp%2Fv2%2Fcategories&post=4250"},{"taxonomy":"post_tag","embeddable":true,"href":"https:\/\/audiofutura.fmmiradio.com\/index.php?rest_route=%2Fwp%2Fv2%2Ftags&post=4250"}],"curies":[{"name":"wp","href":"https:\/\/api.w.org\/{rel}","templated":true}]}}