{"id":4024,"date":"2025-07-22T14:58:23","date_gmt":"2025-07-22T14:58:23","guid":{"rendered":"https:\/\/audiofutura.fmmiradio.com\/?p=4024"},"modified":"2025-07-22T14:58:23","modified_gmt":"2025-07-22T14:58:23","slug":"delicado-parte-medico-de-alejandra-locomotora-oliveras-el-acv-le-provoco-dano-irreversible","status":"publish","type":"post","link":"https:\/\/audiofutura.fmmiradio.com\/?p=4024","title":{"rendered":"Delicado parte medico de Alejandra \u00abLocomotora\u00bb Oliveras: \u00abel ACV le provoc\u00f3 da\u00f1o irreversible\u00bb"},"content":{"rendered":"\n<p><strong>La exboxeadora sigue internada en terapia intensiva con asistencia respiratoria. Su cuadro es cr\u00edtico y su vida a\u00fan corre riesgo, informaron desde el hospital Cullen.<\/strong><\/p>\n\n\n\n<p>Alejandra \u201cLocomotora\u201d Oliveras (47), campeona mundial de boxeo y figura medi\u00e1tica, <strong>lleva ocho d\u00edas internada en el hospital Jos\u00e9 Mar\u00eda Cullen de Santa Fe<\/strong> tras haber sufrido un <strong>accidente cerebrovascular isqu\u00e9mico<\/strong>. Aunque su cuadro se mantuvo cl\u00ednicamente estable en las \u00faltimas horas, <strong>su pron\u00f3stico contin\u00faa siendo cr\u00edtico<\/strong> y con alto riesgo de vida.<\/p>\n\n\n\n<p>El <strong>jefe de Terapia Intensiva, Dr. N\u00e9stor Carrizo<\/strong>, asegur\u00f3 que el ACV caus\u00f3 un <strong>\u201cda\u00f1o neurol\u00f3gico irreversible\u201d<\/strong>, comprometiendo seriamente <strong>uno de los hemisferios cerebrales<\/strong>, lo que afecta funciones vitales como la respiraci\u00f3n y el sistema cardiovascular. Oliveras permanece con <strong>asistencia mec\u00e1nica respiratoria<\/strong>, sin posibilidad de retirarla por el momento.<\/p>\n\n\n\n<blockquote class=\"wp-block-quote is-layout-flow wp-block-quote-is-layout-flow\">\n<p>\u201cSu vida hoy depende del respirador. La lesi\u00f3n neurol\u00f3gica es muy grave\u201d, remarc\u00f3 Carrizo.<\/p>\n<\/blockquote>\n\n\n\n<p>Los m\u00e9dicos indicaron que, por ahora, no se puede iniciar otro tipo de tratamiento y que lo primordial es mantener su <strong>estabilidad cl\u00ednica<\/strong>. La exdeportista presenta <strong>p\u00e9rdida total de movilidad del lado izquierdo del cuerpo<\/strong>, y a\u00fan no se puede determinar el alcance de las <strong>secuelas cognitivas o motrices<\/strong>.<\/p>\n\n\n\n<p>Mientras tanto, su familia solicit\u00f3 el <strong>retiro formal de una impugnaci\u00f3n pol\u00edtica<\/strong> contra Oliveras, quien iba a asumir como convencional constituyente en Santa Fe. La pol\u00e9mica involucra a la diputada Amalia Granata, quien hab\u00eda cuestionado la residencia legal de la exboxeadora.<\/p>\n","protected":false},"excerpt":{"rendered":"<p>La exboxeadora sigue internada en terapia intensiva con asistencia respiratoria. Su cuadro es cr\u00edtico y su vida a\u00fan corre riesgo, informaron desde el hospital Cullen. Alejandra \u201cLocomotora\u201d Oliveras (47), campeona mundial de boxeo y figura medi\u00e1tica, lleva ocho d\u00edas internada en el hospital Jos\u00e9 Mar\u00eda Cullen de Santa Fe tras haber sufrido un accidente cerebrovascular &hellip;<\/p>\n","protected":false},"author":4,"featured_media":4025,"comment_status":"open","ping_status":"open","sticky":false,"template":"","format":"standard","meta":{"footnotes":""},"categories":[78],"tags":[],"class_list":["post-4024","post","type-post","status-publish","format-standard","has-post-thumbnail","","category-espectaculos"],"yoast_head":"<!-- This site is optimized with the Yoast SEO plugin v25.6 - https:\/\/yoast.com\/wordpress\/plugins\/seo\/ -->\n<title>Delicado parte medico de Alejandra &quot;Locomotora&quot; Oliveras: &quot;el ACV le provoc\u00f3 da\u00f1o irreversible&quot; - AUDIO FUTURA<\/title>\n<meta name=\"robots\" content=\"index, follow, max-snippet:-1, max-image-preview:large, max-video-preview:-1\" \/>\n<link rel=\"canonical\" href=\"https:\/\/audiofutura.fmmiradio.com\/?p=4024\" \/>\n<meta property=\"og:locale\" content=\"es_ES\" \/>\n<meta property=\"og:type\" content=\"article\" \/>\n<meta property=\"og:title\" content=\"Delicado parte medico de Alejandra &quot;Locomotora&quot; Oliveras: &quot;el ACV le provoc\u00f3 da\u00f1o irreversible&quot; - AUDIO FUTURA\" \/>\n<meta property=\"og:description\" content=\"La exboxeadora sigue internada en terapia intensiva con asistencia respiratoria. Su cuadro es cr\u00edtico y su vida a\u00fan corre riesgo, informaron desde el hospital Cullen. Alejandra \u201cLocomotora\u201d Oliveras (47), campeona mundial de boxeo y figura medi\u00e1tica, lleva ocho d\u00edas internada en el hospital Jos\u00e9 Mar\u00eda Cullen de Santa Fe tras haber sufrido un accidente cerebrovascular &hellip;\" \/>\n<meta property=\"og:url\" content=\"https:\/\/audiofutura.fmmiradio.com\/?p=4024\" \/>\n<meta property=\"og:site_name\" content=\"AUDIO FUTURA\" \/>\n<meta property=\"article:published_time\" content=\"2025-07-22T14:58:23+00:00\" \/>\n<meta property=\"og:image\" content=\"https:\/\/audiofutura.fmmiradio.com\/wp-content\/uploads\/2025\/07\/locomotora-oliveras-2063801.webp\" \/>\n\t<meta property=\"og:image:width\" content=\"655\" \/>\n\t<meta property=\"og:image:height\" content=\"368\" \/>\n\t<meta property=\"og:image:type\" content=\"image\/webp\" \/>\n<meta name=\"author\" content=\"futura\" \/>\n<meta name=\"twitter:card\" content=\"summary_large_image\" \/>\n<meta name=\"twitter:label1\" content=\"Escrito por\" \/>\n\t<meta name=\"twitter:data1\" content=\"futura\" \/>\n\t<meta name=\"twitter:label2\" content=\"Tiempo de lectura\" \/>\n\t<meta name=\"twitter:data2\" content=\"2 minutos\" \/>\n<script type=\"application\/ld+json\" class=\"yoast-schema-graph\">{\"@context\":\"https:\/\/schema.org\",\"@graph\":[{\"@type\":\"WebPage\",\"@id\":\"https:\/\/audiofutura.fmmiradio.com\/?p=4024\",\"url\":\"https:\/\/audiofutura.fmmiradio.com\/?p=4024\",\"name\":\"Delicado parte medico de Alejandra \\\"Locomotora\\\" Oliveras: \\\"el ACV le provoc\u00f3 da\u00f1o irreversible\\\" - AUDIO FUTURA\",\"isPartOf\":{\"@id\":\"https:\/\/audiofutura.fmmiradio.com\/#website\"},\"primaryImageOfPage\":{\"@id\":\"https:\/\/audiofutura.fmmiradio.com\/?p=4024#primaryimage\"},\"image\":{\"@id\":\"https:\/\/audiofutura.fmmiradio.com\/?p=4024#primaryimage\"},\"thumbnailUrl\":\"https:\/\/audiofutura.fmmiradio.com\/wp-content\/uploads\/2025\/07\/locomotora-oliveras-2063801.webp\",\"datePublished\":\"2025-07-22T14:58:23+00:00\",\"author\":{\"@id\":\"https:\/\/audiofutura.fmmiradio.com\/#\/schema\/person\/bda371d1753c2e5b5dff202eaa5fa9bc\"},\"breadcrumb\":{\"@id\":\"https:\/\/audiofutura.fmmiradio.com\/?p=4024#breadcrumb\"},\"inLanguage\":\"es\",\"potentialAction\":[{\"@type\":\"ReadAction\",\"target\":[\"https:\/\/audiofutura.fmmiradio.com\/?p=4024\"]}]},{\"@type\":\"ImageObject\",\"inLanguage\":\"es\",\"@id\":\"https:\/\/audiofutura.fmmiradio.com\/?p=4024#primaryimage\",\"url\":\"https:\/\/audiofutura.fmmiradio.com\/wp-content\/uploads\/2025\/07\/locomotora-oliveras-2063801.webp\",\"contentUrl\":\"https:\/\/audiofutura.fmmiradio.com\/wp-content\/uploads\/2025\/07\/locomotora-oliveras-2063801.webp\",\"width\":655,\"height\":368},{\"@type\":\"BreadcrumbList\",\"@id\":\"https:\/\/audiofutura.fmmiradio.com\/?p=4024#breadcrumb\",\"itemListElement\":[{\"@type\":\"ListItem\",\"position\":1,\"name\":\"Portada\",\"item\":\"https:\/\/audiofutura.fmmiradio.com\/\"},{\"@type\":\"ListItem\",\"position\":2,\"name\":\"Delicado parte medico de Alejandra \u00abLocomotora\u00bb Oliveras: \u00abel ACV le provoc\u00f3 da\u00f1o irreversible\u00bb\"}]},{\"@type\":\"WebSite\",\"@id\":\"https:\/\/audiofutura.fmmiradio.com\/#website\",\"url\":\"https:\/\/audiofutura.fmmiradio.com\/\",\"name\":\"AUDIO FUTURA\",\"description\":\"\",\"potentialAction\":[{\"@type\":\"SearchAction\",\"target\":{\"@type\":\"EntryPoint\",\"urlTemplate\":\"https:\/\/audiofutura.fmmiradio.com\/?s={search_term_string}\"},\"query-input\":{\"@type\":\"PropertyValueSpecification\",\"valueRequired\":true,\"valueName\":\"search_term_string\"}}],\"inLanguage\":\"es\"},{\"@type\":\"Person\",\"@id\":\"https:\/\/audiofutura.fmmiradio.com\/#\/schema\/person\/bda371d1753c2e5b5dff202eaa5fa9bc\",\"name\":\"futura\",\"image\":{\"@type\":\"ImageObject\",\"inLanguage\":\"es\",\"@id\":\"https:\/\/audiofutura.fmmiradio.com\/#\/schema\/person\/image\/\",\"url\":\"https:\/\/secure.gravatar.com\/avatar\/f6ee1541937ff3e68dac011173779bde?s=96&d=mm&r=g\",\"contentUrl\":\"https:\/\/secure.gravatar.com\/avatar\/f6ee1541937ff3e68dac011173779bde?s=96&d=mm&r=g\",\"caption\":\"futura\"},\"url\":\"https:\/\/audiofutura.fmmiradio.com\/?author=4\"}]}<\/script>\n<!-- \/ Yoast SEO plugin. -->","yoast_head_json":{"title":"Delicado parte medico de Alejandra \"Locomotora\" Oliveras: \"el ACV le provoc\u00f3 da\u00f1o irreversible\" - AUDIO FUTURA","robots":{"index":"index","follow":"follow","max-snippet":"max-snippet:-1","max-image-preview":"max-image-preview:large","max-video-preview":"max-video-preview:-1"},"canonical":"https:\/\/audiofutura.fmmiradio.com\/?p=4024","og_locale":"es_ES","og_type":"article","og_title":"Delicado parte medico de Alejandra \"Locomotora\" Oliveras: \"el ACV le provoc\u00f3 da\u00f1o irreversible\" - AUDIO FUTURA","og_description":"La exboxeadora sigue internada en terapia intensiva con asistencia respiratoria. Su cuadro es cr\u00edtico y su vida a\u00fan corre riesgo, informaron desde el hospital Cullen. Alejandra \u201cLocomotora\u201d Oliveras (47), campeona mundial de boxeo y figura medi\u00e1tica, lleva ocho d\u00edas internada en el hospital Jos\u00e9 Mar\u00eda Cullen de Santa Fe tras haber sufrido un accidente cerebrovascular &hellip;","og_url":"https:\/\/audiofutura.fmmiradio.com\/?p=4024","og_site_name":"AUDIO FUTURA","article_published_time":"2025-07-22T14:58:23+00:00","og_image":[{"width":655,"height":368,"url":"https:\/\/audiofutura.fmmiradio.com\/wp-content\/uploads\/2025\/07\/locomotora-oliveras-2063801.webp","type":"image\/webp"}],"author":"futura","twitter_card":"summary_large_image","twitter_misc":{"Escrito por":"futura","Tiempo de lectura":"2 minutos"},"schema":{"@context":"https:\/\/schema.org","@graph":[{"@type":"WebPage","@id":"https:\/\/audiofutura.fmmiradio.com\/?p=4024","url":"https:\/\/audiofutura.fmmiradio.com\/?p=4024","name":"Delicado parte medico de Alejandra \"Locomotora\" Oliveras: \"el ACV le provoc\u00f3 da\u00f1o irreversible\" - AUDIO FUTURA","isPartOf":{"@id":"https:\/\/audiofutura.fmmiradio.com\/#website"},"primaryImageOfPage":{"@id":"https:\/\/audiofutura.fmmiradio.com\/?p=4024#primaryimage"},"image":{"@id":"https:\/\/audiofutura.fmmiradio.com\/?p=4024#primaryimage"},"thumbnailUrl":"https:\/\/audiofutura.fmmiradio.com\/wp-content\/uploads\/2025\/07\/locomotora-oliveras-2063801.webp","datePublished":"2025-07-22T14:58:23+00:00","author":{"@id":"https:\/\/audiofutura.fmmiradio.com\/#\/schema\/person\/bda371d1753c2e5b5dff202eaa5fa9bc"},"breadcrumb":{"@id":"https:\/\/audiofutura.fmmiradio.com\/?p=4024#breadcrumb"},"inLanguage":"es","potentialAction":[{"@type":"ReadAction","target":["https:\/\/audiofutura.fmmiradio.com\/?p=4024"]}]},{"@type":"ImageObject","inLanguage":"es","@id":"https:\/\/audiofutura.fmmiradio.com\/?p=4024#primaryimage","url":"https:\/\/audiofutura.fmmiradio.com\/wp-content\/uploads\/2025\/07\/locomotora-oliveras-2063801.webp","contentUrl":"https:\/\/audiofutura.fmmiradio.com\/wp-content\/uploads\/2025\/07\/locomotora-oliveras-2063801.webp","width":655,"height":368},{"@type":"BreadcrumbList","@id":"https:\/\/audiofutura.fmmiradio.com\/?p=4024#breadcrumb","itemListElement":[{"@type":"ListItem","position":1,"name":"Portada","item":"https:\/\/audiofutura.fmmiradio.com\/"},{"@type":"ListItem","position":2,"name":"Delicado parte medico de Alejandra \u00abLocomotora\u00bb Oliveras: \u00abel ACV le provoc\u00f3 da\u00f1o irreversible\u00bb"}]},{"@type":"WebSite","@id":"https:\/\/audiofutura.fmmiradio.com\/#website","url":"https:\/\/audiofutura.fmmiradio.com\/","name":"AUDIO FUTURA","description":"","potentialAction":[{"@type":"SearchAction","target":{"@type":"EntryPoint","urlTemplate":"https:\/\/audiofutura.fmmiradio.com\/?s={search_term_string}"},"query-input":{"@type":"PropertyValueSpecification","valueRequired":true,"valueName":"search_term_string"}}],"inLanguage":"es"},{"@type":"Person","@id":"https:\/\/audiofutura.fmmiradio.com\/#\/schema\/person\/bda371d1753c2e5b5dff202eaa5fa9bc","name":"futura","image":{"@type":"ImageObject","inLanguage":"es","@id":"https:\/\/audiofutura.fmmiradio.com\/#\/schema\/person\/image\/","url":"https:\/\/secure.gravatar.com\/avatar\/f6ee1541937ff3e68dac011173779bde?s=96&d=mm&r=g","contentUrl":"https:\/\/secure.gravatar.com\/avatar\/f6ee1541937ff3e68dac011173779bde?s=96&d=mm&r=g","caption":"futura"},"url":"https:\/\/audiofutura.fmmiradio.com\/?author=4"}]}},"_links":{"self":[{"href":"https:\/\/audiofutura.fmmiradio.com\/index.php?rest_route=\/wp\/v2\/posts\/4024"}],"collection":[{"href":"https:\/\/audiofutura.fmmiradio.com\/index.php?rest_route=\/wp\/v2\/posts"}],"about":[{"href":"https:\/\/audiofutura.fmmiradio.com\/index.php?rest_route=\/wp\/v2\/types\/post"}],"author":[{"embeddable":true,"href":"https:\/\/audiofutura.fmmiradio.com\/index.php?rest_route=\/wp\/v2\/users\/4"}],"replies":[{"embeddable":true,"href":"https:\/\/audiofutura.fmmiradio.com\/index.php?rest_route=%2Fwp%2Fv2%2Fcomments&post=4024"}],"version-history":[{"count":1,"href":"https:\/\/audiofutura.fmmiradio.com\/index.php?rest_route=\/wp\/v2\/posts\/4024\/revisions"}],"predecessor-version":[{"id":4026,"href":"https:\/\/audiofutura.fmmiradio.com\/index.php?rest_route=\/wp\/v2\/posts\/4024\/revisions\/4026"}],"wp:featuredmedia":[{"embeddable":true,"href":"https:\/\/audiofutura.fmmiradio.com\/index.php?rest_route=\/wp\/v2\/media\/4025"}],"wp:attachment":[{"href":"https:\/\/audiofutura.fmmiradio.com\/index.php?rest_route=%2Fwp%2Fv2%2Fmedia&parent=4024"}],"wp:term":[{"taxonomy":"category","embeddable":true,"href":"https:\/\/audiofutura.fmmiradio.com\/index.php?rest_route=%2Fwp%2Fv2%2Fcategories&post=4024"},{"taxonomy":"post_tag","embeddable":true,"href":"https:\/\/audiofutura.fmmiradio.com\/index.php?rest_route=%2Fwp%2Fv2%2Ftags&post=4024"}],"curies":[{"name":"wp","href":"https:\/\/api.w.org\/{rel}","templated":true}]}}