{"id":3889,"date":"2025-06-17T12:30:19","date_gmt":"2025-06-17T12:30:19","guid":{"rendered":"https:\/\/audiofutura.fmmiradio.com\/?p=3889"},"modified":"2025-06-17T12:30:20","modified_gmt":"2025-06-17T12:30:20","slug":"el-papa-leon-xiv-canonizara-al-primer-influencer-de-dios-carlo-acutis-sera-santo-junto-a-pier-giorgio-frassati","status":"publish","type":"post","link":"https:\/\/audiofutura.fmmiradio.com\/?p=3889","title":{"rendered":"El Papa Le\u00f3n XIV canonizar\u00e1 al primer \u201cinfluencer de Dios\u201d: Carlo Acutis ser\u00e1 santo junto a Pier Giorgio Frassati"},"content":{"rendered":"\n<p>Este viernes 13 de junio, el Papa Le\u00f3n XIV presidi\u00f3 su primer Consistorio P\u00fablico Ordinario, ocasi\u00f3n en la que se confirm\u00f3 la canonizaci\u00f3n de ocho beatos. Entre ellos, destac\u00f3 el anuncio m\u00e1s esperado: el beato Pier Giorgio Frassati y el beato Carlo Acutis ser\u00e1n canonizados juntos el pr\u00f3ximo 7 de septiembre<\/p>\n\n\n\n<p>La noticia fue recibida con entusiasmo por la comunidad cat\u00f3lica, especialmente por la profunda devoci\u00f3n que ambos j\u00f3venes han despertado. Pier Giorgio Frassati, nacido en 1901 en Tur\u00edn, es recordado por su entrega a los pobres y su vida espiritual intensa dentro de la Tercera Orden Dominicana. Carlo Acutis, por su parte, es considerado el primer santo \u00abmillennial\u00bb, fallecido en 2006 a los 15 a\u00f1os, y reconocido por su amor a la Eucarist\u00eda y su habilidad para evangelizar a trav\u00e9s de la tecnolog\u00eda.<\/p>\n\n\n\n<p>Ambas canonizaciones hab\u00edan sido anunciadas originalmente por el Papa Francisco antes de su fallecimiento el 21 de abril de 2025, pero debieron ser reprogramadas. Ahora, Le\u00f3n XIV ha decidido reunirlas en una \u00fanica celebraci\u00f3n, destacando la uni\u00f3n de dos j\u00f3venes de \u00e9pocas diferentes pero con un mismo fuego por Cristo.<\/p>\n\n\n\n<p>La ceremonia de canonizaci\u00f3n tendr\u00e1 lugar en el Vaticano y se espera una gran asistencia de fieles, especialmente j\u00f3venes, que ven en ambos santos modelos de fe contempor\u00e1nea.<\/p>\n","protected":false},"excerpt":{"rendered":"<p>Este viernes 13 de junio, el Papa Le\u00f3n XIV presidi\u00f3 su primer Consistorio P\u00fablico Ordinario, ocasi\u00f3n en la que se confirm\u00f3 la canonizaci\u00f3n de ocho beatos. Entre ellos, destac\u00f3 el anuncio m\u00e1s esperado: el beato Pier Giorgio Frassati y el beato Carlo Acutis ser\u00e1n canonizados juntos el pr\u00f3ximo 7 de septiembre La noticia fue recibida &hellip;<\/p>\n","protected":false},"author":4,"featured_media":3890,"comment_status":"open","ping_status":"open","sticky":false,"template":"","format":"standard","meta":{"footnotes":""},"categories":[78],"tags":[110,112],"class_list":["post-3889","post","type-post","status-publish","format-standard","has-post-thumbnail","","category-espectaculos","tag-internacionales","tag-religion"],"yoast_head":"<!-- This site is optimized with the Yoast SEO plugin v25.6 - https:\/\/yoast.com\/wordpress\/plugins\/seo\/ -->\n<title>El Papa Le\u00f3n XIV canonizar\u00e1 al primer \u201cinfluencer de Dios\u201d: Carlo Acutis ser\u00e1 santo junto a Pier Giorgio Frassati - AUDIO FUTURA<\/title>\n<meta name=\"robots\" content=\"index, follow, max-snippet:-1, max-image-preview:large, max-video-preview:-1\" \/>\n<link rel=\"canonical\" href=\"https:\/\/audiofutura.fmmiradio.com\/?p=3889\" \/>\n<meta property=\"og:locale\" content=\"es_ES\" \/>\n<meta property=\"og:type\" content=\"article\" \/>\n<meta property=\"og:title\" content=\"El Papa Le\u00f3n XIV canonizar\u00e1 al primer \u201cinfluencer de Dios\u201d: Carlo Acutis ser\u00e1 santo junto a Pier Giorgio Frassati - AUDIO FUTURA\" \/>\n<meta property=\"og:description\" content=\"Este viernes 13 de junio, el Papa Le\u00f3n XIV presidi\u00f3 su primer Consistorio P\u00fablico Ordinario, ocasi\u00f3n en la que se confirm\u00f3 la canonizaci\u00f3n de ocho beatos. Entre ellos, destac\u00f3 el anuncio m\u00e1s esperado: el beato Pier Giorgio Frassati y el beato Carlo Acutis ser\u00e1n canonizados juntos el pr\u00f3ximo 7 de septiembre La noticia fue recibida &hellip;\" \/>\n<meta property=\"og:url\" content=\"https:\/\/audiofutura.fmmiradio.com\/?p=3889\" \/>\n<meta property=\"og:site_name\" content=\"AUDIO FUTURA\" \/>\n<meta property=\"article:published_time\" content=\"2025-06-17T12:30:19+00:00\" \/>\n<meta property=\"article:modified_time\" content=\"2025-06-17T12:30:20+00:00\" \/>\n<meta property=\"og:image\" content=\"https:\/\/audiofutura.fmmiradio.com\/wp-content\/uploads\/2025\/06\/multimedia.normal.a8a1302ba33df16a.bm9ybWFsLndlYnA.webp\" \/>\n\t<meta property=\"og:image:width\" content=\"970\" \/>\n\t<meta property=\"og:image:height\" content=\"610\" \/>\n\t<meta property=\"og:image:type\" content=\"image\/webp\" \/>\n<meta name=\"author\" content=\"futura\" \/>\n<meta name=\"twitter:card\" content=\"summary_large_image\" \/>\n<meta name=\"twitter:label1\" content=\"Escrito por\" \/>\n\t<meta name=\"twitter:data1\" content=\"futura\" \/>\n\t<meta name=\"twitter:label2\" content=\"Tiempo de lectura\" \/>\n\t<meta name=\"twitter:data2\" content=\"2 minutos\" \/>\n<script type=\"application\/ld+json\" class=\"yoast-schema-graph\">{\"@context\":\"https:\/\/schema.org\",\"@graph\":[{\"@type\":\"WebPage\",\"@id\":\"https:\/\/audiofutura.fmmiradio.com\/?p=3889\",\"url\":\"https:\/\/audiofutura.fmmiradio.com\/?p=3889\",\"name\":\"El Papa Le\u00f3n XIV canonizar\u00e1 al primer \u201cinfluencer de Dios\u201d: Carlo Acutis ser\u00e1 santo junto a Pier Giorgio Frassati - AUDIO FUTURA\",\"isPartOf\":{\"@id\":\"https:\/\/audiofutura.fmmiradio.com\/#website\"},\"primaryImageOfPage\":{\"@id\":\"https:\/\/audiofutura.fmmiradio.com\/?p=3889#primaryimage\"},\"image\":{\"@id\":\"https:\/\/audiofutura.fmmiradio.com\/?p=3889#primaryimage\"},\"thumbnailUrl\":\"https:\/\/audiofutura.fmmiradio.com\/wp-content\/uploads\/2025\/06\/multimedia.normal.a8a1302ba33df16a.bm9ybWFsLndlYnA.webp\",\"datePublished\":\"2025-06-17T12:30:19+00:00\",\"dateModified\":\"2025-06-17T12:30:20+00:00\",\"author\":{\"@id\":\"https:\/\/audiofutura.fmmiradio.com\/#\/schema\/person\/bda371d1753c2e5b5dff202eaa5fa9bc\"},\"breadcrumb\":{\"@id\":\"https:\/\/audiofutura.fmmiradio.com\/?p=3889#breadcrumb\"},\"inLanguage\":\"es\",\"potentialAction\":[{\"@type\":\"ReadAction\",\"target\":[\"https:\/\/audiofutura.fmmiradio.com\/?p=3889\"]}]},{\"@type\":\"ImageObject\",\"inLanguage\":\"es\",\"@id\":\"https:\/\/audiofutura.fmmiradio.com\/?p=3889#primaryimage\",\"url\":\"https:\/\/audiofutura.fmmiradio.com\/wp-content\/uploads\/2025\/06\/multimedia.normal.a8a1302ba33df16a.bm9ybWFsLndlYnA.webp\",\"contentUrl\":\"https:\/\/audiofutura.fmmiradio.com\/wp-content\/uploads\/2025\/06\/multimedia.normal.a8a1302ba33df16a.bm9ybWFsLndlYnA.webp\",\"width\":970,\"height\":610},{\"@type\":\"BreadcrumbList\",\"@id\":\"https:\/\/audiofutura.fmmiradio.com\/?p=3889#breadcrumb\",\"itemListElement\":[{\"@type\":\"ListItem\",\"position\":1,\"name\":\"Portada\",\"item\":\"https:\/\/audiofutura.fmmiradio.com\/\"},{\"@type\":\"ListItem\",\"position\":2,\"name\":\"El Papa Le\u00f3n XIV canonizar\u00e1 al primer \u201cinfluencer de Dios\u201d: Carlo Acutis ser\u00e1 santo junto a Pier Giorgio Frassati\"}]},{\"@type\":\"WebSite\",\"@id\":\"https:\/\/audiofutura.fmmiradio.com\/#website\",\"url\":\"https:\/\/audiofutura.fmmiradio.com\/\",\"name\":\"AUDIO FUTURA\",\"description\":\"\",\"potentialAction\":[{\"@type\":\"SearchAction\",\"target\":{\"@type\":\"EntryPoint\",\"urlTemplate\":\"https:\/\/audiofutura.fmmiradio.com\/?s={search_term_string}\"},\"query-input\":{\"@type\":\"PropertyValueSpecification\",\"valueRequired\":true,\"valueName\":\"search_term_string\"}}],\"inLanguage\":\"es\"},{\"@type\":\"Person\",\"@id\":\"https:\/\/audiofutura.fmmiradio.com\/#\/schema\/person\/bda371d1753c2e5b5dff202eaa5fa9bc\",\"name\":\"futura\",\"image\":{\"@type\":\"ImageObject\",\"inLanguage\":\"es\",\"@id\":\"https:\/\/audiofutura.fmmiradio.com\/#\/schema\/person\/image\/\",\"url\":\"https:\/\/secure.gravatar.com\/avatar\/f6ee1541937ff3e68dac011173779bde?s=96&d=mm&r=g\",\"contentUrl\":\"https:\/\/secure.gravatar.com\/avatar\/f6ee1541937ff3e68dac011173779bde?s=96&d=mm&r=g\",\"caption\":\"futura\"},\"url\":\"https:\/\/audiofutura.fmmiradio.com\/?author=4\"}]}<\/script>\n<!-- \/ Yoast SEO plugin. -->","yoast_head_json":{"title":"El Papa Le\u00f3n XIV canonizar\u00e1 al primer \u201cinfluencer de Dios\u201d: Carlo Acutis ser\u00e1 santo junto a Pier Giorgio Frassati - AUDIO FUTURA","robots":{"index":"index","follow":"follow","max-snippet":"max-snippet:-1","max-image-preview":"max-image-preview:large","max-video-preview":"max-video-preview:-1"},"canonical":"https:\/\/audiofutura.fmmiradio.com\/?p=3889","og_locale":"es_ES","og_type":"article","og_title":"El Papa Le\u00f3n XIV canonizar\u00e1 al primer \u201cinfluencer de Dios\u201d: Carlo Acutis ser\u00e1 santo junto a Pier Giorgio Frassati - AUDIO FUTURA","og_description":"Este viernes 13 de junio, el Papa Le\u00f3n XIV presidi\u00f3 su primer Consistorio P\u00fablico Ordinario, ocasi\u00f3n en la que se confirm\u00f3 la canonizaci\u00f3n de ocho beatos. Entre ellos, destac\u00f3 el anuncio m\u00e1s esperado: el beato Pier Giorgio Frassati y el beato Carlo Acutis ser\u00e1n canonizados juntos el pr\u00f3ximo 7 de septiembre La noticia fue recibida &hellip;","og_url":"https:\/\/audiofutura.fmmiradio.com\/?p=3889","og_site_name":"AUDIO FUTURA","article_published_time":"2025-06-17T12:30:19+00:00","article_modified_time":"2025-06-17T12:30:20+00:00","og_image":[{"width":970,"height":610,"url":"https:\/\/audiofutura.fmmiradio.com\/wp-content\/uploads\/2025\/06\/multimedia.normal.a8a1302ba33df16a.bm9ybWFsLndlYnA.webp","type":"image\/webp"}],"author":"futura","twitter_card":"summary_large_image","twitter_misc":{"Escrito por":"futura","Tiempo de lectura":"2 minutos"},"schema":{"@context":"https:\/\/schema.org","@graph":[{"@type":"WebPage","@id":"https:\/\/audiofutura.fmmiradio.com\/?p=3889","url":"https:\/\/audiofutura.fmmiradio.com\/?p=3889","name":"El Papa Le\u00f3n XIV canonizar\u00e1 al primer \u201cinfluencer de Dios\u201d: Carlo Acutis ser\u00e1 santo junto a Pier Giorgio Frassati - AUDIO FUTURA","isPartOf":{"@id":"https:\/\/audiofutura.fmmiradio.com\/#website"},"primaryImageOfPage":{"@id":"https:\/\/audiofutura.fmmiradio.com\/?p=3889#primaryimage"},"image":{"@id":"https:\/\/audiofutura.fmmiradio.com\/?p=3889#primaryimage"},"thumbnailUrl":"https:\/\/audiofutura.fmmiradio.com\/wp-content\/uploads\/2025\/06\/multimedia.normal.a8a1302ba33df16a.bm9ybWFsLndlYnA.webp","datePublished":"2025-06-17T12:30:19+00:00","dateModified":"2025-06-17T12:30:20+00:00","author":{"@id":"https:\/\/audiofutura.fmmiradio.com\/#\/schema\/person\/bda371d1753c2e5b5dff202eaa5fa9bc"},"breadcrumb":{"@id":"https:\/\/audiofutura.fmmiradio.com\/?p=3889#breadcrumb"},"inLanguage":"es","potentialAction":[{"@type":"ReadAction","target":["https:\/\/audiofutura.fmmiradio.com\/?p=3889"]}]},{"@type":"ImageObject","inLanguage":"es","@id":"https:\/\/audiofutura.fmmiradio.com\/?p=3889#primaryimage","url":"https:\/\/audiofutura.fmmiradio.com\/wp-content\/uploads\/2025\/06\/multimedia.normal.a8a1302ba33df16a.bm9ybWFsLndlYnA.webp","contentUrl":"https:\/\/audiofutura.fmmiradio.com\/wp-content\/uploads\/2025\/06\/multimedia.normal.a8a1302ba33df16a.bm9ybWFsLndlYnA.webp","width":970,"height":610},{"@type":"BreadcrumbList","@id":"https:\/\/audiofutura.fmmiradio.com\/?p=3889#breadcrumb","itemListElement":[{"@type":"ListItem","position":1,"name":"Portada","item":"https:\/\/audiofutura.fmmiradio.com\/"},{"@type":"ListItem","position":2,"name":"El Papa Le\u00f3n XIV canonizar\u00e1 al primer \u201cinfluencer de Dios\u201d: Carlo Acutis ser\u00e1 santo junto a Pier Giorgio Frassati"}]},{"@type":"WebSite","@id":"https:\/\/audiofutura.fmmiradio.com\/#website","url":"https:\/\/audiofutura.fmmiradio.com\/","name":"AUDIO FUTURA","description":"","potentialAction":[{"@type":"SearchAction","target":{"@type":"EntryPoint","urlTemplate":"https:\/\/audiofutura.fmmiradio.com\/?s={search_term_string}"},"query-input":{"@type":"PropertyValueSpecification","valueRequired":true,"valueName":"search_term_string"}}],"inLanguage":"es"},{"@type":"Person","@id":"https:\/\/audiofutura.fmmiradio.com\/#\/schema\/person\/bda371d1753c2e5b5dff202eaa5fa9bc","name":"futura","image":{"@type":"ImageObject","inLanguage":"es","@id":"https:\/\/audiofutura.fmmiradio.com\/#\/schema\/person\/image\/","url":"https:\/\/secure.gravatar.com\/avatar\/f6ee1541937ff3e68dac011173779bde?s=96&d=mm&r=g","contentUrl":"https:\/\/secure.gravatar.com\/avatar\/f6ee1541937ff3e68dac011173779bde?s=96&d=mm&r=g","caption":"futura"},"url":"https:\/\/audiofutura.fmmiradio.com\/?author=4"}]}},"_links":{"self":[{"href":"https:\/\/audiofutura.fmmiradio.com\/index.php?rest_route=\/wp\/v2\/posts\/3889"}],"collection":[{"href":"https:\/\/audiofutura.fmmiradio.com\/index.php?rest_route=\/wp\/v2\/posts"}],"about":[{"href":"https:\/\/audiofutura.fmmiradio.com\/index.php?rest_route=\/wp\/v2\/types\/post"}],"author":[{"embeddable":true,"href":"https:\/\/audiofutura.fmmiradio.com\/index.php?rest_route=\/wp\/v2\/users\/4"}],"replies":[{"embeddable":true,"href":"https:\/\/audiofutura.fmmiradio.com\/index.php?rest_route=%2Fwp%2Fv2%2Fcomments&post=3889"}],"version-history":[{"count":1,"href":"https:\/\/audiofutura.fmmiradio.com\/index.php?rest_route=\/wp\/v2\/posts\/3889\/revisions"}],"predecessor-version":[{"id":3891,"href":"https:\/\/audiofutura.fmmiradio.com\/index.php?rest_route=\/wp\/v2\/posts\/3889\/revisions\/3891"}],"wp:featuredmedia":[{"embeddable":true,"href":"https:\/\/audiofutura.fmmiradio.com\/index.php?rest_route=\/wp\/v2\/media\/3890"}],"wp:attachment":[{"href":"https:\/\/audiofutura.fmmiradio.com\/index.php?rest_route=%2Fwp%2Fv2%2Fmedia&parent=3889"}],"wp:term":[{"taxonomy":"category","embeddable":true,"href":"https:\/\/audiofutura.fmmiradio.com\/index.php?rest_route=%2Fwp%2Fv2%2Fcategories&post=3889"},{"taxonomy":"post_tag","embeddable":true,"href":"https:\/\/audiofutura.fmmiradio.com\/index.php?rest_route=%2Fwp%2Fv2%2Ftags&post=3889"}],"curies":[{"name":"wp","href":"https:\/\/api.w.org\/{rel}","templated":true}]}}