{"id":3312,"date":"2025-03-10T15:45:29","date_gmt":"2025-03-10T15:45:29","guid":{"rendered":"https:\/\/audiofutura.fmmiradio.com\/?p=3312"},"modified":"2025-03-13T13:39:01","modified_gmt":"2025-03-13T13:39:01","slug":"violenta-pelea-entre-dos-jovenes-en-la-feria-del-parque-de-mayo","status":"publish","type":"post","link":"https:\/\/audiofutura.fmmiradio.com\/?p=3312","title":{"rendered":"Violenta pelea entre dos j\u00f3venes en la Feria de la Plaza de Caucete"},"content":{"rendered":"\n<p>La tranquilidad de la Feria de la Plaza Departamental se vio interrumpida la noche del s\u00e1bado cuando dos j\u00f3venes protagonizaron una brutal pelea en plena calle.<\/p>\n\n\n\n<p>El enfrentamiento, cuyo motivo a\u00fan se desconoce, fue grabado por testigos y muestra a una de las chicas golpeando a la otra mientras estaba en el suelo. Luego, ambas forcejearon violentamente, tom\u00e1ndose del cabello en medio de los locales y la concurrida feria.<\/p>\n\n\n\n<p>Los presentes intentaron intervenir para separarlas, y un hombre tom\u00f3 la iniciativa, pero en ese momento apareci\u00f3 otro joven con campera roja y negra, quien lo se\u00f1al\u00f3 de manera amenazante. La pelea se traslad\u00f3 al centro de la calle San Luis, generando caos entre los feriantes y visitantes.<\/p>\n\n\n\n<p>Finalmente, el enfrentamiento termin\u00f3 sin mayores consecuencias, aunque ambas j\u00f3venes quedaron con golpes visibles.<\/p>\n","protected":false},"excerpt":{"rendered":"<p>La tranquilidad de la Feria de la Plaza Departamental se vio interrumpida la noche del s\u00e1bado cuando dos j\u00f3venes protagonizaron una brutal pelea en plena calle. El enfrentamiento, cuyo motivo a\u00fan se desconoce, fue grabado por testigos y muestra a una de las chicas golpeando a la otra mientras estaba en el suelo. Luego, ambas &hellip;<\/p>\n","protected":false},"author":4,"featured_media":3313,"comment_status":"open","ping_status":"open","sticky":false,"template":"","format":"standard","meta":{"footnotes":""},"categories":[69],"tags":[],"class_list":["post-3312","post","type-post","status-publish","format-standard","has-post-thumbnail","","category-san-juan"],"yoast_head":"<!-- This site is optimized with the Yoast SEO plugin v25.6 - https:\/\/yoast.com\/wordpress\/plugins\/seo\/ -->\n<title>Violenta pelea entre dos j\u00f3venes en la Feria de la Plaza de Caucete - AUDIO FUTURA<\/title>\n<meta name=\"robots\" content=\"index, follow, max-snippet:-1, max-image-preview:large, max-video-preview:-1\" \/>\n<link rel=\"canonical\" href=\"https:\/\/audiofutura.fmmiradio.com\/?p=3312\" \/>\n<meta property=\"og:locale\" content=\"es_ES\" \/>\n<meta property=\"og:type\" content=\"article\" \/>\n<meta property=\"og:title\" content=\"Violenta pelea entre dos j\u00f3venes en la Feria de la Plaza de Caucete - AUDIO FUTURA\" \/>\n<meta property=\"og:description\" content=\"La tranquilidad de la Feria de la Plaza Departamental se vio interrumpida la noche del s\u00e1bado cuando dos j\u00f3venes protagonizaron una brutal pelea en plena calle. El enfrentamiento, cuyo motivo a\u00fan se desconoce, fue grabado por testigos y muestra a una de las chicas golpeando a la otra mientras estaba en el suelo. Luego, ambas &hellip;\" \/>\n<meta property=\"og:url\" content=\"https:\/\/audiofutura.fmmiradio.com\/?p=3312\" \/>\n<meta property=\"og:site_name\" content=\"AUDIO FUTURA\" \/>\n<meta property=\"article:published_time\" content=\"2025-03-10T15:45:29+00:00\" \/>\n<meta property=\"article:modified_time\" content=\"2025-03-13T13:39:01+00:00\" \/>\n<meta property=\"og:image\" content=\"https:\/\/audiofutura.fmmiradio.com\/wp-content\/uploads\/2025\/03\/720-5.webp\" \/>\n\t<meta property=\"og:image:width\" content=\"563\" \/>\n\t<meta property=\"og:image:height\" content=\"720\" \/>\n\t<meta property=\"og:image:type\" content=\"image\/webp\" \/>\n<meta name=\"author\" content=\"futura\" \/>\n<meta name=\"twitter:card\" content=\"summary_large_image\" \/>\n<meta name=\"twitter:label1\" content=\"Escrito por\" \/>\n\t<meta name=\"twitter:data1\" content=\"futura\" \/>\n\t<meta name=\"twitter:label2\" content=\"Tiempo de lectura\" \/>\n\t<meta name=\"twitter:data2\" content=\"1 minuto\" \/>\n<script type=\"application\/ld+json\" class=\"yoast-schema-graph\">{\"@context\":\"https:\/\/schema.org\",\"@graph\":[{\"@type\":\"WebPage\",\"@id\":\"https:\/\/audiofutura.fmmiradio.com\/?p=3312\",\"url\":\"https:\/\/audiofutura.fmmiradio.com\/?p=3312\",\"name\":\"Violenta pelea entre dos j\u00f3venes en la Feria de la Plaza de Caucete - AUDIO FUTURA\",\"isPartOf\":{\"@id\":\"https:\/\/audiofutura.fmmiradio.com\/#website\"},\"primaryImageOfPage\":{\"@id\":\"https:\/\/audiofutura.fmmiradio.com\/?p=3312#primaryimage\"},\"image\":{\"@id\":\"https:\/\/audiofutura.fmmiradio.com\/?p=3312#primaryimage\"},\"thumbnailUrl\":\"https:\/\/audiofutura.fmmiradio.com\/wp-content\/uploads\/2025\/03\/720-5.webp\",\"datePublished\":\"2025-03-10T15:45:29+00:00\",\"dateModified\":\"2025-03-13T13:39:01+00:00\",\"author\":{\"@id\":\"https:\/\/audiofutura.fmmiradio.com\/#\/schema\/person\/bda371d1753c2e5b5dff202eaa5fa9bc\"},\"breadcrumb\":{\"@id\":\"https:\/\/audiofutura.fmmiradio.com\/?p=3312#breadcrumb\"},\"inLanguage\":\"es\",\"potentialAction\":[{\"@type\":\"ReadAction\",\"target\":[\"https:\/\/audiofutura.fmmiradio.com\/?p=3312\"]}]},{\"@type\":\"ImageObject\",\"inLanguage\":\"es\",\"@id\":\"https:\/\/audiofutura.fmmiradio.com\/?p=3312#primaryimage\",\"url\":\"https:\/\/audiofutura.fmmiradio.com\/wp-content\/uploads\/2025\/03\/720-5.webp\",\"contentUrl\":\"https:\/\/audiofutura.fmmiradio.com\/wp-content\/uploads\/2025\/03\/720-5.webp\",\"width\":563,\"height\":720},{\"@type\":\"BreadcrumbList\",\"@id\":\"https:\/\/audiofutura.fmmiradio.com\/?p=3312#breadcrumb\",\"itemListElement\":[{\"@type\":\"ListItem\",\"position\":1,\"name\":\"Portada\",\"item\":\"https:\/\/audiofutura.fmmiradio.com\/\"},{\"@type\":\"ListItem\",\"position\":2,\"name\":\"Violenta pelea entre dos j\u00f3venes en la Feria de la Plaza de Caucete\"}]},{\"@type\":\"WebSite\",\"@id\":\"https:\/\/audiofutura.fmmiradio.com\/#website\",\"url\":\"https:\/\/audiofutura.fmmiradio.com\/\",\"name\":\"AUDIO FUTURA\",\"description\":\"\",\"potentialAction\":[{\"@type\":\"SearchAction\",\"target\":{\"@type\":\"EntryPoint\",\"urlTemplate\":\"https:\/\/audiofutura.fmmiradio.com\/?s={search_term_string}\"},\"query-input\":{\"@type\":\"PropertyValueSpecification\",\"valueRequired\":true,\"valueName\":\"search_term_string\"}}],\"inLanguage\":\"es\"},{\"@type\":\"Person\",\"@id\":\"https:\/\/audiofutura.fmmiradio.com\/#\/schema\/person\/bda371d1753c2e5b5dff202eaa5fa9bc\",\"name\":\"futura\",\"image\":{\"@type\":\"ImageObject\",\"inLanguage\":\"es\",\"@id\":\"https:\/\/audiofutura.fmmiradio.com\/#\/schema\/person\/image\/\",\"url\":\"https:\/\/secure.gravatar.com\/avatar\/f6ee1541937ff3e68dac011173779bde?s=96&d=mm&r=g\",\"contentUrl\":\"https:\/\/secure.gravatar.com\/avatar\/f6ee1541937ff3e68dac011173779bde?s=96&d=mm&r=g\",\"caption\":\"futura\"},\"url\":\"https:\/\/audiofutura.fmmiradio.com\/?author=4\"}]}<\/script>\n<!-- \/ Yoast SEO plugin. -->","yoast_head_json":{"title":"Violenta pelea entre dos j\u00f3venes en la Feria de la Plaza de Caucete - AUDIO FUTURA","robots":{"index":"index","follow":"follow","max-snippet":"max-snippet:-1","max-image-preview":"max-image-preview:large","max-video-preview":"max-video-preview:-1"},"canonical":"https:\/\/audiofutura.fmmiradio.com\/?p=3312","og_locale":"es_ES","og_type":"article","og_title":"Violenta pelea entre dos j\u00f3venes en la Feria de la Plaza de Caucete - AUDIO FUTURA","og_description":"La tranquilidad de la Feria de la Plaza Departamental se vio interrumpida la noche del s\u00e1bado cuando dos j\u00f3venes protagonizaron una brutal pelea en plena calle. El enfrentamiento, cuyo motivo a\u00fan se desconoce, fue grabado por testigos y muestra a una de las chicas golpeando a la otra mientras estaba en el suelo. Luego, ambas &hellip;","og_url":"https:\/\/audiofutura.fmmiradio.com\/?p=3312","og_site_name":"AUDIO FUTURA","article_published_time":"2025-03-10T15:45:29+00:00","article_modified_time":"2025-03-13T13:39:01+00:00","og_image":[{"width":563,"height":720,"url":"https:\/\/audiofutura.fmmiradio.com\/wp-content\/uploads\/2025\/03\/720-5.webp","type":"image\/webp"}],"author":"futura","twitter_card":"summary_large_image","twitter_misc":{"Escrito por":"futura","Tiempo de lectura":"1 minuto"},"schema":{"@context":"https:\/\/schema.org","@graph":[{"@type":"WebPage","@id":"https:\/\/audiofutura.fmmiradio.com\/?p=3312","url":"https:\/\/audiofutura.fmmiradio.com\/?p=3312","name":"Violenta pelea entre dos j\u00f3venes en la Feria de la Plaza de Caucete - AUDIO FUTURA","isPartOf":{"@id":"https:\/\/audiofutura.fmmiradio.com\/#website"},"primaryImageOfPage":{"@id":"https:\/\/audiofutura.fmmiradio.com\/?p=3312#primaryimage"},"image":{"@id":"https:\/\/audiofutura.fmmiradio.com\/?p=3312#primaryimage"},"thumbnailUrl":"https:\/\/audiofutura.fmmiradio.com\/wp-content\/uploads\/2025\/03\/720-5.webp","datePublished":"2025-03-10T15:45:29+00:00","dateModified":"2025-03-13T13:39:01+00:00","author":{"@id":"https:\/\/audiofutura.fmmiradio.com\/#\/schema\/person\/bda371d1753c2e5b5dff202eaa5fa9bc"},"breadcrumb":{"@id":"https:\/\/audiofutura.fmmiradio.com\/?p=3312#breadcrumb"},"inLanguage":"es","potentialAction":[{"@type":"ReadAction","target":["https:\/\/audiofutura.fmmiradio.com\/?p=3312"]}]},{"@type":"ImageObject","inLanguage":"es","@id":"https:\/\/audiofutura.fmmiradio.com\/?p=3312#primaryimage","url":"https:\/\/audiofutura.fmmiradio.com\/wp-content\/uploads\/2025\/03\/720-5.webp","contentUrl":"https:\/\/audiofutura.fmmiradio.com\/wp-content\/uploads\/2025\/03\/720-5.webp","width":563,"height":720},{"@type":"BreadcrumbList","@id":"https:\/\/audiofutura.fmmiradio.com\/?p=3312#breadcrumb","itemListElement":[{"@type":"ListItem","position":1,"name":"Portada","item":"https:\/\/audiofutura.fmmiradio.com\/"},{"@type":"ListItem","position":2,"name":"Violenta pelea entre dos j\u00f3venes en la Feria de la Plaza de Caucete"}]},{"@type":"WebSite","@id":"https:\/\/audiofutura.fmmiradio.com\/#website","url":"https:\/\/audiofutura.fmmiradio.com\/","name":"AUDIO FUTURA","description":"","potentialAction":[{"@type":"SearchAction","target":{"@type":"EntryPoint","urlTemplate":"https:\/\/audiofutura.fmmiradio.com\/?s={search_term_string}"},"query-input":{"@type":"PropertyValueSpecification","valueRequired":true,"valueName":"search_term_string"}}],"inLanguage":"es"},{"@type":"Person","@id":"https:\/\/audiofutura.fmmiradio.com\/#\/schema\/person\/bda371d1753c2e5b5dff202eaa5fa9bc","name":"futura","image":{"@type":"ImageObject","inLanguage":"es","@id":"https:\/\/audiofutura.fmmiradio.com\/#\/schema\/person\/image\/","url":"https:\/\/secure.gravatar.com\/avatar\/f6ee1541937ff3e68dac011173779bde?s=96&d=mm&r=g","contentUrl":"https:\/\/secure.gravatar.com\/avatar\/f6ee1541937ff3e68dac011173779bde?s=96&d=mm&r=g","caption":"futura"},"url":"https:\/\/audiofutura.fmmiradio.com\/?author=4"}]}},"_links":{"self":[{"href":"https:\/\/audiofutura.fmmiradio.com\/index.php?rest_route=\/wp\/v2\/posts\/3312"}],"collection":[{"href":"https:\/\/audiofutura.fmmiradio.com\/index.php?rest_route=\/wp\/v2\/posts"}],"about":[{"href":"https:\/\/audiofutura.fmmiradio.com\/index.php?rest_route=\/wp\/v2\/types\/post"}],"author":[{"embeddable":true,"href":"https:\/\/audiofutura.fmmiradio.com\/index.php?rest_route=\/wp\/v2\/users\/4"}],"replies":[{"embeddable":true,"href":"https:\/\/audiofutura.fmmiradio.com\/index.php?rest_route=%2Fwp%2Fv2%2Fcomments&post=3312"}],"version-history":[{"count":2,"href":"https:\/\/audiofutura.fmmiradio.com\/index.php?rest_route=\/wp\/v2\/posts\/3312\/revisions"}],"predecessor-version":[{"id":3336,"href":"https:\/\/audiofutura.fmmiradio.com\/index.php?rest_route=\/wp\/v2\/posts\/3312\/revisions\/3336"}],"wp:featuredmedia":[{"embeddable":true,"href":"https:\/\/audiofutura.fmmiradio.com\/index.php?rest_route=\/wp\/v2\/media\/3313"}],"wp:attachment":[{"href":"https:\/\/audiofutura.fmmiradio.com\/index.php?rest_route=%2Fwp%2Fv2%2Fmedia&parent=3312"}],"wp:term":[{"taxonomy":"category","embeddable":true,"href":"https:\/\/audiofutura.fmmiradio.com\/index.php?rest_route=%2Fwp%2Fv2%2Fcategories&post=3312"},{"taxonomy":"post_tag","embeddable":true,"href":"https:\/\/audiofutura.fmmiradio.com\/index.php?rest_route=%2Fwp%2Fv2%2Ftags&post=3312"}],"curies":[{"name":"wp","href":"https:\/\/api.w.org\/{rel}","templated":true}]}}