{"id":3149,"date":"2025-02-24T19:27:11","date_gmt":"2025-02-24T19:27:11","guid":{"rendered":"https:\/\/audiofutura.fmmiradio.com\/?p=3149"},"modified":"2025-02-24T19:27:12","modified_gmt":"2025-02-24T19:27:12","slug":"la-fiesta-del-racimo-y-el-vino-corono-a-sus-nuevas-soberanas-en-una-noche-inolvidable","status":"publish","type":"post","link":"https:\/\/audiofutura.fmmiradio.com\/?p=3149","title":{"rendered":"La Fiesta del Racimo y el Vino coron\u00f3 a sus nuevas soberanas en una noche inolvidable"},"content":{"rendered":"\n<p>Con un gran marco de p\u00fablico, la Fiesta del Racimo y el Vino celebr\u00f3 este s\u00e1bado su segunda y \u00faltima noche, consolid\u00e1ndose como un evento que enaltece el esfuerzo y la dedicaci\u00f3n de los trabajadores vitivin\u00edcolas.<\/p>\n\n\n\n<p>En esta 26\u00b0 edici\u00f3n, el punto m\u00e1s emotivo de la noche fue la coronaci\u00f3n de las nuevas representantes de la vitivinicultura local. Jazm\u00edn Godoy fue elegida como Reina de los Trabajadores Vitivin\u00edcolas, mientras que Yoselin Ochoa recibi\u00f3 el t\u00edtulo de Virreina. Ambas asumir\u00e1n el compromiso de representar y visibilizar el trabajo de quienes d\u00eda a d\u00eda sostienen esta actividad fundamental para la regi\u00f3n.<\/p>\n\n\n\n<figure class=\"wp-block-image size-large\"><img loading=\"lazy\" decoding=\"async\" width=\"1024\" height=\"683\" src=\"https:\/\/audiofutura.fmmiradio.com\/wp-content\/uploads\/2025\/02\/480782652_1035667958606397_216644104510765497_n-1024x683.jpg\" alt=\"\" class=\"wp-image-3151\" srcset=\"https:\/\/audiofutura.fmmiradio.com\/wp-content\/uploads\/2025\/02\/480782652_1035667958606397_216644104510765497_n-1024x683.jpg 1024w, https:\/\/audiofutura.fmmiradio.com\/wp-content\/uploads\/2025\/02\/480782652_1035667958606397_216644104510765497_n-300x200.jpg 300w, https:\/\/audiofutura.fmmiradio.com\/wp-content\/uploads\/2025\/02\/480782652_1035667958606397_216644104510765497_n-768x512.jpg 768w, https:\/\/audiofutura.fmmiradio.com\/wp-content\/uploads\/2025\/02\/480782652_1035667958606397_216644104510765497_n-1536x1024.jpg 1536w, https:\/\/audiofutura.fmmiradio.com\/wp-content\/uploads\/2025\/02\/480782652_1035667958606397_216644104510765497_n.jpg 2048w\" sizes=\"(max-width: 1024px) 100vw, 1024px\" \/><\/figure>\n\n\n\n<figure class=\"wp-block-image size-large\"><img loading=\"lazy\" decoding=\"async\" width=\"1024\" height=\"683\" src=\"https:\/\/audiofutura.fmmiradio.com\/wp-content\/uploads\/2025\/02\/481011407_1036422431864283_2110969854254776053_n-1024x683.jpg\" alt=\"\" class=\"wp-image-3152\" srcset=\"https:\/\/audiofutura.fmmiradio.com\/wp-content\/uploads\/2025\/02\/481011407_1036422431864283_2110969854254776053_n-1024x683.jpg 1024w, https:\/\/audiofutura.fmmiradio.com\/wp-content\/uploads\/2025\/02\/481011407_1036422431864283_2110969854254776053_n-300x200.jpg 300w, https:\/\/audiofutura.fmmiradio.com\/wp-content\/uploads\/2025\/02\/481011407_1036422431864283_2110969854254776053_n-768x512.jpg 768w, https:\/\/audiofutura.fmmiradio.com\/wp-content\/uploads\/2025\/02\/481011407_1036422431864283_2110969854254776053_n-1536x1024.jpg 1536w, https:\/\/audiofutura.fmmiradio.com\/wp-content\/uploads\/2025\/02\/481011407_1036422431864283_2110969854254776053_n.jpg 2048w\" sizes=\"(max-width: 1024px) 100vw, 1024px\" \/><\/figure>\n\n\n\n<p><\/p>\n\n\n\n<p>El cierre de la festividad estuvo a cargo del reconocido artista de cuarteto Lisandro M\u00e1rquez, quien hizo vibrar a los presentes con su energ\u00eda y grandes \u00e9xitos.<\/p>\n\n\n\n<p><\/p>\n\n\n\n<p>Desde el municipio, se destac\u00f3 la importancia de este evento para la comunidad, resaltando la alegr\u00eda y el esp\u00edritu festivo que se vivi\u00f3 en la plaza principal de 25 de Mayo. Las im\u00e1genes capturadas durante la noche reflejan la emoci\u00f3n y el orgullo de los veinticinque\u00f1os por su fiesta, que a\u00f1o tras a\u00f1o crece en convocatoria y relevancia.<\/p>\n","protected":false},"excerpt":{"rendered":"<p>Con un gran marco de p\u00fablico, la Fiesta del Racimo y el Vino celebr\u00f3 este s\u00e1bado su segunda y \u00faltima noche, consolid\u00e1ndose como un evento que enaltece el esfuerzo y la dedicaci\u00f3n de los trabajadores vitivin\u00edcolas. En esta 26\u00b0 edici\u00f3n, el punto m\u00e1s emotivo de la noche fue la coronaci\u00f3n de las nuevas representantes de &hellip;<\/p>\n","protected":false},"author":4,"featured_media":3150,"comment_status":"open","ping_status":"open","sticky":false,"template":"","format":"standard","meta":{"footnotes":""},"categories":[107,78,69],"tags":[],"class_list":["post-3149","post","type-post","status-publish","format-standard","has-post-thumbnail","","category-25-de-mayo","category-espectaculos","category-san-juan"],"yoast_head":"<!-- This site is optimized with the Yoast SEO plugin v25.6 - https:\/\/yoast.com\/wordpress\/plugins\/seo\/ -->\n<title>La Fiesta del Racimo y el Vino coron\u00f3 a sus nuevas soberanas en una noche inolvidable - AUDIO FUTURA<\/title>\n<meta name=\"robots\" content=\"index, follow, max-snippet:-1, max-image-preview:large, max-video-preview:-1\" \/>\n<link rel=\"canonical\" href=\"https:\/\/audiofutura.fmmiradio.com\/?p=3149\" \/>\n<meta property=\"og:locale\" content=\"es_ES\" \/>\n<meta property=\"og:type\" content=\"article\" \/>\n<meta property=\"og:title\" content=\"La Fiesta del Racimo y el Vino coron\u00f3 a sus nuevas soberanas en una noche inolvidable - AUDIO FUTURA\" \/>\n<meta property=\"og:description\" content=\"Con un gran marco de p\u00fablico, la Fiesta del Racimo y el Vino celebr\u00f3 este s\u00e1bado su segunda y \u00faltima noche, consolid\u00e1ndose como un evento que enaltece el esfuerzo y la dedicaci\u00f3n de los trabajadores vitivin\u00edcolas. En esta 26\u00b0 edici\u00f3n, el punto m\u00e1s emotivo de la noche fue la coronaci\u00f3n de las nuevas representantes de &hellip;\" \/>\n<meta property=\"og:url\" content=\"https:\/\/audiofutura.fmmiradio.com\/?p=3149\" \/>\n<meta property=\"og:site_name\" content=\"AUDIO FUTURA\" \/>\n<meta property=\"article:published_time\" content=\"2025-02-24T19:27:11+00:00\" \/>\n<meta property=\"article:modified_time\" content=\"2025-02-24T19:27:12+00:00\" \/>\n<meta property=\"og:image\" content=\"https:\/\/audiofutura.fmmiradio.com\/wp-content\/uploads\/2025\/02\/480759867_1035668191939707_7252795940930592629_n.jpg\" \/>\n\t<meta property=\"og:image:width\" content=\"2048\" \/>\n\t<meta property=\"og:image:height\" content=\"1365\" \/>\n\t<meta property=\"og:image:type\" content=\"image\/jpeg\" \/>\n<meta name=\"author\" content=\"futura\" \/>\n<meta name=\"twitter:card\" content=\"summary_large_image\" \/>\n<meta name=\"twitter:label1\" content=\"Escrito por\" \/>\n\t<meta name=\"twitter:data1\" content=\"futura\" \/>\n\t<meta name=\"twitter:label2\" content=\"Tiempo de lectura\" \/>\n\t<meta name=\"twitter:data2\" content=\"2 minutos\" \/>\n<script type=\"application\/ld+json\" class=\"yoast-schema-graph\">{\"@context\":\"https:\/\/schema.org\",\"@graph\":[{\"@type\":\"WebPage\",\"@id\":\"https:\/\/audiofutura.fmmiradio.com\/?p=3149\",\"url\":\"https:\/\/audiofutura.fmmiradio.com\/?p=3149\",\"name\":\"La Fiesta del Racimo y el Vino coron\u00f3 a sus nuevas soberanas en una noche inolvidable - AUDIO FUTURA\",\"isPartOf\":{\"@id\":\"https:\/\/audiofutura.fmmiradio.com\/#website\"},\"primaryImageOfPage\":{\"@id\":\"https:\/\/audiofutura.fmmiradio.com\/?p=3149#primaryimage\"},\"image\":{\"@id\":\"https:\/\/audiofutura.fmmiradio.com\/?p=3149#primaryimage\"},\"thumbnailUrl\":\"https:\/\/audiofutura.fmmiradio.com\/wp-content\/uploads\/2025\/02\/480759867_1035668191939707_7252795940930592629_n.jpg\",\"datePublished\":\"2025-02-24T19:27:11+00:00\",\"dateModified\":\"2025-02-24T19:27:12+00:00\",\"author\":{\"@id\":\"https:\/\/audiofutura.fmmiradio.com\/#\/schema\/person\/bda371d1753c2e5b5dff202eaa5fa9bc\"},\"breadcrumb\":{\"@id\":\"https:\/\/audiofutura.fmmiradio.com\/?p=3149#breadcrumb\"},\"inLanguage\":\"es\",\"potentialAction\":[{\"@type\":\"ReadAction\",\"target\":[\"https:\/\/audiofutura.fmmiradio.com\/?p=3149\"]}]},{\"@type\":\"ImageObject\",\"inLanguage\":\"es\",\"@id\":\"https:\/\/audiofutura.fmmiradio.com\/?p=3149#primaryimage\",\"url\":\"https:\/\/audiofutura.fmmiradio.com\/wp-content\/uploads\/2025\/02\/480759867_1035668191939707_7252795940930592629_n.jpg\",\"contentUrl\":\"https:\/\/audiofutura.fmmiradio.com\/wp-content\/uploads\/2025\/02\/480759867_1035668191939707_7252795940930592629_n.jpg\",\"width\":2048,\"height\":1365},{\"@type\":\"BreadcrumbList\",\"@id\":\"https:\/\/audiofutura.fmmiradio.com\/?p=3149#breadcrumb\",\"itemListElement\":[{\"@type\":\"ListItem\",\"position\":1,\"name\":\"Portada\",\"item\":\"https:\/\/audiofutura.fmmiradio.com\/\"},{\"@type\":\"ListItem\",\"position\":2,\"name\":\"La Fiesta del Racimo y el Vino coron\u00f3 a sus nuevas soberanas en una noche inolvidable\"}]},{\"@type\":\"WebSite\",\"@id\":\"https:\/\/audiofutura.fmmiradio.com\/#website\",\"url\":\"https:\/\/audiofutura.fmmiradio.com\/\",\"name\":\"AUDIO FUTURA\",\"description\":\"\",\"potentialAction\":[{\"@type\":\"SearchAction\",\"target\":{\"@type\":\"EntryPoint\",\"urlTemplate\":\"https:\/\/audiofutura.fmmiradio.com\/?s={search_term_string}\"},\"query-input\":{\"@type\":\"PropertyValueSpecification\",\"valueRequired\":true,\"valueName\":\"search_term_string\"}}],\"inLanguage\":\"es\"},{\"@type\":\"Person\",\"@id\":\"https:\/\/audiofutura.fmmiradio.com\/#\/schema\/person\/bda371d1753c2e5b5dff202eaa5fa9bc\",\"name\":\"futura\",\"image\":{\"@type\":\"ImageObject\",\"inLanguage\":\"es\",\"@id\":\"https:\/\/audiofutura.fmmiradio.com\/#\/schema\/person\/image\/\",\"url\":\"https:\/\/secure.gravatar.com\/avatar\/f6ee1541937ff3e68dac011173779bde?s=96&d=mm&r=g\",\"contentUrl\":\"https:\/\/secure.gravatar.com\/avatar\/f6ee1541937ff3e68dac011173779bde?s=96&d=mm&r=g\",\"caption\":\"futura\"},\"url\":\"https:\/\/audiofutura.fmmiradio.com\/?author=4\"}]}<\/script>\n<!-- \/ Yoast SEO plugin. -->","yoast_head_json":{"title":"La Fiesta del Racimo y el Vino coron\u00f3 a sus nuevas soberanas en una noche inolvidable - AUDIO FUTURA","robots":{"index":"index","follow":"follow","max-snippet":"max-snippet:-1","max-image-preview":"max-image-preview:large","max-video-preview":"max-video-preview:-1"},"canonical":"https:\/\/audiofutura.fmmiradio.com\/?p=3149","og_locale":"es_ES","og_type":"article","og_title":"La Fiesta del Racimo y el Vino coron\u00f3 a sus nuevas soberanas en una noche inolvidable - AUDIO FUTURA","og_description":"Con un gran marco de p\u00fablico, la Fiesta del Racimo y el Vino celebr\u00f3 este s\u00e1bado su segunda y \u00faltima noche, consolid\u00e1ndose como un evento que enaltece el esfuerzo y la dedicaci\u00f3n de los trabajadores vitivin\u00edcolas. En esta 26\u00b0 edici\u00f3n, el punto m\u00e1s emotivo de la noche fue la coronaci\u00f3n de las nuevas representantes de &hellip;","og_url":"https:\/\/audiofutura.fmmiradio.com\/?p=3149","og_site_name":"AUDIO FUTURA","article_published_time":"2025-02-24T19:27:11+00:00","article_modified_time":"2025-02-24T19:27:12+00:00","og_image":[{"width":2048,"height":1365,"url":"https:\/\/audiofutura.fmmiradio.com\/wp-content\/uploads\/2025\/02\/480759867_1035668191939707_7252795940930592629_n.jpg","type":"image\/jpeg"}],"author":"futura","twitter_card":"summary_large_image","twitter_misc":{"Escrito por":"futura","Tiempo de lectura":"2 minutos"},"schema":{"@context":"https:\/\/schema.org","@graph":[{"@type":"WebPage","@id":"https:\/\/audiofutura.fmmiradio.com\/?p=3149","url":"https:\/\/audiofutura.fmmiradio.com\/?p=3149","name":"La Fiesta del Racimo y el Vino coron\u00f3 a sus nuevas soberanas en una noche inolvidable - AUDIO FUTURA","isPartOf":{"@id":"https:\/\/audiofutura.fmmiradio.com\/#website"},"primaryImageOfPage":{"@id":"https:\/\/audiofutura.fmmiradio.com\/?p=3149#primaryimage"},"image":{"@id":"https:\/\/audiofutura.fmmiradio.com\/?p=3149#primaryimage"},"thumbnailUrl":"https:\/\/audiofutura.fmmiradio.com\/wp-content\/uploads\/2025\/02\/480759867_1035668191939707_7252795940930592629_n.jpg","datePublished":"2025-02-24T19:27:11+00:00","dateModified":"2025-02-24T19:27:12+00:00","author":{"@id":"https:\/\/audiofutura.fmmiradio.com\/#\/schema\/person\/bda371d1753c2e5b5dff202eaa5fa9bc"},"breadcrumb":{"@id":"https:\/\/audiofutura.fmmiradio.com\/?p=3149#breadcrumb"},"inLanguage":"es","potentialAction":[{"@type":"ReadAction","target":["https:\/\/audiofutura.fmmiradio.com\/?p=3149"]}]},{"@type":"ImageObject","inLanguage":"es","@id":"https:\/\/audiofutura.fmmiradio.com\/?p=3149#primaryimage","url":"https:\/\/audiofutura.fmmiradio.com\/wp-content\/uploads\/2025\/02\/480759867_1035668191939707_7252795940930592629_n.jpg","contentUrl":"https:\/\/audiofutura.fmmiradio.com\/wp-content\/uploads\/2025\/02\/480759867_1035668191939707_7252795940930592629_n.jpg","width":2048,"height":1365},{"@type":"BreadcrumbList","@id":"https:\/\/audiofutura.fmmiradio.com\/?p=3149#breadcrumb","itemListElement":[{"@type":"ListItem","position":1,"name":"Portada","item":"https:\/\/audiofutura.fmmiradio.com\/"},{"@type":"ListItem","position":2,"name":"La Fiesta del Racimo y el Vino coron\u00f3 a sus nuevas soberanas en una noche inolvidable"}]},{"@type":"WebSite","@id":"https:\/\/audiofutura.fmmiradio.com\/#website","url":"https:\/\/audiofutura.fmmiradio.com\/","name":"AUDIO FUTURA","description":"","potentialAction":[{"@type":"SearchAction","target":{"@type":"EntryPoint","urlTemplate":"https:\/\/audiofutura.fmmiradio.com\/?s={search_term_string}"},"query-input":{"@type":"PropertyValueSpecification","valueRequired":true,"valueName":"search_term_string"}}],"inLanguage":"es"},{"@type":"Person","@id":"https:\/\/audiofutura.fmmiradio.com\/#\/schema\/person\/bda371d1753c2e5b5dff202eaa5fa9bc","name":"futura","image":{"@type":"ImageObject","inLanguage":"es","@id":"https:\/\/audiofutura.fmmiradio.com\/#\/schema\/person\/image\/","url":"https:\/\/secure.gravatar.com\/avatar\/f6ee1541937ff3e68dac011173779bde?s=96&d=mm&r=g","contentUrl":"https:\/\/secure.gravatar.com\/avatar\/f6ee1541937ff3e68dac011173779bde?s=96&d=mm&r=g","caption":"futura"},"url":"https:\/\/audiofutura.fmmiradio.com\/?author=4"}]}},"_links":{"self":[{"href":"https:\/\/audiofutura.fmmiradio.com\/index.php?rest_route=\/wp\/v2\/posts\/3149"}],"collection":[{"href":"https:\/\/audiofutura.fmmiradio.com\/index.php?rest_route=\/wp\/v2\/posts"}],"about":[{"href":"https:\/\/audiofutura.fmmiradio.com\/index.php?rest_route=\/wp\/v2\/types\/post"}],"author":[{"embeddable":true,"href":"https:\/\/audiofutura.fmmiradio.com\/index.php?rest_route=\/wp\/v2\/users\/4"}],"replies":[{"embeddable":true,"href":"https:\/\/audiofutura.fmmiradio.com\/index.php?rest_route=%2Fwp%2Fv2%2Fcomments&post=3149"}],"version-history":[{"count":1,"href":"https:\/\/audiofutura.fmmiradio.com\/index.php?rest_route=\/wp\/v2\/posts\/3149\/revisions"}],"predecessor-version":[{"id":3153,"href":"https:\/\/audiofutura.fmmiradio.com\/index.php?rest_route=\/wp\/v2\/posts\/3149\/revisions\/3153"}],"wp:featuredmedia":[{"embeddable":true,"href":"https:\/\/audiofutura.fmmiradio.com\/index.php?rest_route=\/wp\/v2\/media\/3150"}],"wp:attachment":[{"href":"https:\/\/audiofutura.fmmiradio.com\/index.php?rest_route=%2Fwp%2Fv2%2Fmedia&parent=3149"}],"wp:term":[{"taxonomy":"category","embeddable":true,"href":"https:\/\/audiofutura.fmmiradio.com\/index.php?rest_route=%2Fwp%2Fv2%2Fcategories&post=3149"},{"taxonomy":"post_tag","embeddable":true,"href":"https:\/\/audiofutura.fmmiradio.com\/index.php?rest_route=%2Fwp%2Fv2%2Ftags&post=3149"}],"curies":[{"name":"wp","href":"https:\/\/api.w.org\/{rel}","templated":true}]}}