{"id":3138,"date":"2025-02-23T17:32:52","date_gmt":"2025-02-23T17:32:52","guid":{"rendered":"https:\/\/audiofutura.fmmiradio.com\/?p=3138"},"modified":"2025-02-23T17:32:54","modified_gmt":"2025-02-23T17:32:54","slug":"la-fiesta-nacional-de-la-uva-y-el-vino-convoco-a-mas-de-60-mil-personas-en-su-ultima-noche","status":"publish","type":"post","link":"https:\/\/audiofutura.fmmiradio.com\/?p=3138","title":{"rendered":"La Fiesta Nacional de la Uva y el Vino convoc\u00f3 a m\u00e1s de 60 mil personas en su \u00faltima noche"},"content":{"rendered":"\n<p>Caucete vivi\u00f3 un fin de semana inolvidable con la 25\u00b0 edici\u00f3n de la Fiesta Nacional de la Uva y el Vino (FNUV), el evento m\u00e1s importante del este sanjuanino. A lo largo de dos noches, m\u00e1s de 100 mil personas se dieron cita en el Predio Municipal para disfrutar de una celebraci\u00f3n que super\u00f3 todas las expectativas.<\/p>\n\n\n\n<p>El cierre de la festividad, este s\u00e1bado, reuni\u00f3 a m\u00e1s de 60 mil asistentes en la ex Bodega El Parque, seg\u00fan datos de la Direcci\u00f3n de Seguridad y Protecci\u00f3n Civil. Esta cifra refleja el gran impacto de la FNUV, que regres\u00f3 con fuerza tras haber sido suspendida en 2024.<\/p>\n\n\n\n<figure class=\"wp-block-image size-large\"><img loading=\"lazy\" decoding=\"async\" width=\"1024\" height=\"768\" src=\"https:\/\/audiofutura.fmmiradio.com\/wp-content\/uploads\/2025\/02\/IMG_20250222_210739-1024x768.jpg\" alt=\"\" class=\"wp-image-3140\" srcset=\"https:\/\/audiofutura.fmmiradio.com\/wp-content\/uploads\/2025\/02\/IMG_20250222_210739-1024x768.jpg 1024w, https:\/\/audiofutura.fmmiradio.com\/wp-content\/uploads\/2025\/02\/IMG_20250222_210739-300x225.jpg 300w, https:\/\/audiofutura.fmmiradio.com\/wp-content\/uploads\/2025\/02\/IMG_20250222_210739-768x576.jpg 768w, https:\/\/audiofutura.fmmiradio.com\/wp-content\/uploads\/2025\/02\/IMG_20250222_210739-1536x1152.jpg 1536w, https:\/\/audiofutura.fmmiradio.com\/wp-content\/uploads\/2025\/02\/IMG_20250222_210739-2048x1536.jpg 2048w\" sizes=\"(max-width: 1024px) 100vw, 1024px\" \/><\/figure>\n\n\n\n<figure class=\"wp-block-image size-large\"><img loading=\"lazy\" decoding=\"async\" width=\"1024\" height=\"768\" src=\"https:\/\/audiofutura.fmmiradio.com\/wp-content\/uploads\/2025\/02\/IMG_20250222_211907-1024x768.jpg\" alt=\"\" class=\"wp-image-3141\" srcset=\"https:\/\/audiofutura.fmmiradio.com\/wp-content\/uploads\/2025\/02\/IMG_20250222_211907-1024x768.jpg 1024w, https:\/\/audiofutura.fmmiradio.com\/wp-content\/uploads\/2025\/02\/IMG_20250222_211907-300x225.jpg 300w, https:\/\/audiofutura.fmmiradio.com\/wp-content\/uploads\/2025\/02\/IMG_20250222_211907-768x576.jpg 768w, https:\/\/audiofutura.fmmiradio.com\/wp-content\/uploads\/2025\/02\/IMG_20250222_211907-1536x1152.jpg 1536w, https:\/\/audiofutura.fmmiradio.com\/wp-content\/uploads\/2025\/02\/IMG_20250222_211907-2048x1536.jpg 2048w\" sizes=\"(max-width: 1024px) 100vw, 1024px\" \/><\/figure>\n\n\n\n<p>Desde la apertura de puertas en horas de la tarde-noche, los visitantes pudieron recorrer una variada oferta cultural, comercial y gastron\u00f3mica pensada para toda la familia. Uno de los atractivos m\u00e1s llamativos fue el stand de \u201cCaucete, Camino de Fe\u201d, una propuesta de turismo religioso impulsada por la Agencia de Desarrollo Econ\u00f3mico Local para promocionar los destinos religiosos del departamento.<\/p>\n\n\n\n<p>En el escenario mayor, la Academia de Adultos Mayores dio inicio a la grilla art\u00edstica con un espect\u00e1culo cargado de emoci\u00f3n y talento. Luego, distintos g\u00e9neros musicales, desde folklore hasta cuarteto, animaron la noche y prepararon el ambiente para los shows centrales.<\/p>\n\n\n\n<figure class=\"wp-block-image size-large\"><img loading=\"lazy\" decoding=\"async\" width=\"1024\" height=\"683\" src=\"https:\/\/audiofutura.fmmiradio.com\/wp-content\/uploads\/2025\/02\/DSC_7184-1024x683.jpg\" alt=\"\" class=\"wp-image-3143\" srcset=\"https:\/\/audiofutura.fmmiradio.com\/wp-content\/uploads\/2025\/02\/DSC_7184-1024x683.jpg 1024w, https:\/\/audiofutura.fmmiradio.com\/wp-content\/uploads\/2025\/02\/DSC_7184-300x200.jpg 300w, https:\/\/audiofutura.fmmiradio.com\/wp-content\/uploads\/2025\/02\/DSC_7184-768x512.jpg 768w, https:\/\/audiofutura.fmmiradio.com\/wp-content\/uploads\/2025\/02\/DSC_7184-1536x1024.jpg 1536w, https:\/\/audiofutura.fmmiradio.com\/wp-content\/uploads\/2025\/02\/DSC_7184-2048x1365.jpg 2048w\" sizes=\"(max-width: 1024px) 100vw, 1024px\" \/><\/figure>\n\n\n\n<p><\/p>\n\n\n\n<p>Uno de los momentos m\u00e1s esperados fue la Elecci\u00f3n de la Anfitriona de la FNUV, una tradici\u00f3n instaurada en los \u00faltimos a\u00f1os bajo la gesti\u00f3n de la intendenta Romina Rosas. En esta edici\u00f3n, Mar\u00eda Luj\u00e1n Castro fue elegida como Anfitriona, mientras que Mar\u00eda Sol Garc\u00eda qued\u00f3 como Segunda Anfitriona, ambas con el compromiso de representar y promocionar el turismo caucetero.<\/p>\n\n\n\n<p><\/p>\n\n\n\n<figure class=\"wp-block-image size-large\"><img loading=\"lazy\" decoding=\"async\" width=\"1024\" height=\"683\" src=\"https:\/\/audiofutura.fmmiradio.com\/wp-content\/uploads\/2025\/02\/DSC_7295-1024x683.jpg\" alt=\"\" class=\"wp-image-3144\" srcset=\"https:\/\/audiofutura.fmmiradio.com\/wp-content\/uploads\/2025\/02\/DSC_7295-1024x683.jpg 1024w, https:\/\/audiofutura.fmmiradio.com\/wp-content\/uploads\/2025\/02\/DSC_7295-300x200.jpg 300w, https:\/\/audiofutura.fmmiradio.com\/wp-content\/uploads\/2025\/02\/DSC_7295-768x512.jpg 768w, https:\/\/audiofutura.fmmiradio.com\/wp-content\/uploads\/2025\/02\/DSC_7295-1536x1024.jpg 1536w, https:\/\/audiofutura.fmmiradio.com\/wp-content\/uploads\/2025\/02\/DSC_7295-2048x1365.jpg 2048w\" sizes=\"(max-width: 1024px) 100vw, 1024px\" \/><\/figure>\n\n\n\n<p>El broche de oro de la noche estuvo a cargo de Luciano Pereyra, quien cautiv\u00f3 al p\u00fablico con un repaso de sus grandes \u00e9xitos y recibi\u00f3 el reconocimiento de Hu\u00e9sped de Honor por parte del municipio. Para cerrar la fiesta, la banda sanjuanina Omega puso a bailar a miles de personas con su energ\u00eda cuartetera, marcando el final de una edici\u00f3n hist\u00f3rica.<\/p>\n","protected":false},"excerpt":{"rendered":"<p>Caucete vivi\u00f3 un fin de semana inolvidable con la 25\u00b0 edici\u00f3n de la Fiesta Nacional de la Uva y el Vino (FNUV), el evento m\u00e1s importante del este sanjuanino. A lo largo de dos noches, m\u00e1s de 100 mil personas se dieron cita en el Predio Municipal para disfrutar de una celebraci\u00f3n que super\u00f3 todas &hellip;<\/p>\n","protected":false},"author":4,"featured_media":3139,"comment_status":"open","ping_status":"open","sticky":false,"template":"","format":"standard","meta":{"footnotes":""},"categories":[105,78],"tags":[],"class_list":["post-3138","post","type-post","status-publish","format-standard","has-post-thumbnail","","category-caucete","category-espectaculos"],"yoast_head":"<!-- This site is optimized with the Yoast SEO plugin v25.6 - https:\/\/yoast.com\/wordpress\/plugins\/seo\/ -->\n<title>La Fiesta Nacional de la Uva y el Vino convoc\u00f3 a m\u00e1s de 60 mil personas en su \u00faltima noche - AUDIO FUTURA<\/title>\n<meta name=\"robots\" content=\"index, follow, max-snippet:-1, max-image-preview:large, max-video-preview:-1\" \/>\n<link rel=\"canonical\" href=\"https:\/\/audiofutura.fmmiradio.com\/?p=3138\" \/>\n<meta property=\"og:locale\" content=\"es_ES\" \/>\n<meta property=\"og:type\" content=\"article\" \/>\n<meta property=\"og:title\" content=\"La Fiesta Nacional de la Uva y el Vino convoc\u00f3 a m\u00e1s de 60 mil personas en su \u00faltima noche - AUDIO FUTURA\" \/>\n<meta property=\"og:description\" content=\"Caucete vivi\u00f3 un fin de semana inolvidable con la 25\u00b0 edici\u00f3n de la Fiesta Nacional de la Uva y el Vino (FNUV), el evento m\u00e1s importante del este sanjuanino. A lo largo de dos noches, m\u00e1s de 100 mil personas se dieron cita en el Predio Municipal para disfrutar de una celebraci\u00f3n que super\u00f3 todas &hellip;\" \/>\n<meta property=\"og:url\" content=\"https:\/\/audiofutura.fmmiradio.com\/?p=3138\" \/>\n<meta property=\"og:site_name\" content=\"AUDIO FUTURA\" \/>\n<meta property=\"article:published_time\" content=\"2025-02-23T17:32:52+00:00\" \/>\n<meta property=\"article:modified_time\" content=\"2025-02-23T17:32:54+00:00\" \/>\n<meta property=\"og:image\" content=\"https:\/\/audiofutura.fmmiradio.com\/wp-content\/uploads\/2025\/02\/DSC_7287-scaled.jpg\" \/>\n\t<meta property=\"og:image:width\" content=\"2560\" \/>\n\t<meta property=\"og:image:height\" content=\"1707\" \/>\n\t<meta property=\"og:image:type\" content=\"image\/jpeg\" \/>\n<meta name=\"author\" content=\"futura\" \/>\n<meta name=\"twitter:card\" content=\"summary_large_image\" \/>\n<meta name=\"twitter:label1\" content=\"Escrito por\" \/>\n\t<meta name=\"twitter:data1\" content=\"futura\" \/>\n\t<meta name=\"twitter:label2\" content=\"Tiempo de lectura\" \/>\n\t<meta name=\"twitter:data2\" content=\"3 minutos\" \/>\n<script type=\"application\/ld+json\" class=\"yoast-schema-graph\">{\"@context\":\"https:\/\/schema.org\",\"@graph\":[{\"@type\":\"WebPage\",\"@id\":\"https:\/\/audiofutura.fmmiradio.com\/?p=3138\",\"url\":\"https:\/\/audiofutura.fmmiradio.com\/?p=3138\",\"name\":\"La Fiesta Nacional de la Uva y el Vino convoc\u00f3 a m\u00e1s de 60 mil personas en su \u00faltima noche - AUDIO FUTURA\",\"isPartOf\":{\"@id\":\"https:\/\/audiofutura.fmmiradio.com\/#website\"},\"primaryImageOfPage\":{\"@id\":\"https:\/\/audiofutura.fmmiradio.com\/?p=3138#primaryimage\"},\"image\":{\"@id\":\"https:\/\/audiofutura.fmmiradio.com\/?p=3138#primaryimage\"},\"thumbnailUrl\":\"https:\/\/audiofutura.fmmiradio.com\/wp-content\/uploads\/2025\/02\/DSC_7287-scaled.jpg\",\"datePublished\":\"2025-02-23T17:32:52+00:00\",\"dateModified\":\"2025-02-23T17:32:54+00:00\",\"author\":{\"@id\":\"https:\/\/audiofutura.fmmiradio.com\/#\/schema\/person\/bda371d1753c2e5b5dff202eaa5fa9bc\"},\"breadcrumb\":{\"@id\":\"https:\/\/audiofutura.fmmiradio.com\/?p=3138#breadcrumb\"},\"inLanguage\":\"es\",\"potentialAction\":[{\"@type\":\"ReadAction\",\"target\":[\"https:\/\/audiofutura.fmmiradio.com\/?p=3138\"]}]},{\"@type\":\"ImageObject\",\"inLanguage\":\"es\",\"@id\":\"https:\/\/audiofutura.fmmiradio.com\/?p=3138#primaryimage\",\"url\":\"https:\/\/audiofutura.fmmiradio.com\/wp-content\/uploads\/2025\/02\/DSC_7287-scaled.jpg\",\"contentUrl\":\"https:\/\/audiofutura.fmmiradio.com\/wp-content\/uploads\/2025\/02\/DSC_7287-scaled.jpg\",\"width\":2560,\"height\":1707},{\"@type\":\"BreadcrumbList\",\"@id\":\"https:\/\/audiofutura.fmmiradio.com\/?p=3138#breadcrumb\",\"itemListElement\":[{\"@type\":\"ListItem\",\"position\":1,\"name\":\"Portada\",\"item\":\"https:\/\/audiofutura.fmmiradio.com\/\"},{\"@type\":\"ListItem\",\"position\":2,\"name\":\"La Fiesta Nacional de la Uva y el Vino convoc\u00f3 a m\u00e1s de 60 mil personas en su \u00faltima noche\"}]},{\"@type\":\"WebSite\",\"@id\":\"https:\/\/audiofutura.fmmiradio.com\/#website\",\"url\":\"https:\/\/audiofutura.fmmiradio.com\/\",\"name\":\"AUDIO FUTURA\",\"description\":\"\",\"potentialAction\":[{\"@type\":\"SearchAction\",\"target\":{\"@type\":\"EntryPoint\",\"urlTemplate\":\"https:\/\/audiofutura.fmmiradio.com\/?s={search_term_string}\"},\"query-input\":{\"@type\":\"PropertyValueSpecification\",\"valueRequired\":true,\"valueName\":\"search_term_string\"}}],\"inLanguage\":\"es\"},{\"@type\":\"Person\",\"@id\":\"https:\/\/audiofutura.fmmiradio.com\/#\/schema\/person\/bda371d1753c2e5b5dff202eaa5fa9bc\",\"name\":\"futura\",\"image\":{\"@type\":\"ImageObject\",\"inLanguage\":\"es\",\"@id\":\"https:\/\/audiofutura.fmmiradio.com\/#\/schema\/person\/image\/\",\"url\":\"https:\/\/secure.gravatar.com\/avatar\/f6ee1541937ff3e68dac011173779bde?s=96&d=mm&r=g\",\"contentUrl\":\"https:\/\/secure.gravatar.com\/avatar\/f6ee1541937ff3e68dac011173779bde?s=96&d=mm&r=g\",\"caption\":\"futura\"},\"url\":\"https:\/\/audiofutura.fmmiradio.com\/?author=4\"}]}<\/script>\n<!-- \/ Yoast SEO plugin. -->","yoast_head_json":{"title":"La Fiesta Nacional de la Uva y el Vino convoc\u00f3 a m\u00e1s de 60 mil personas en su \u00faltima noche - AUDIO FUTURA","robots":{"index":"index","follow":"follow","max-snippet":"max-snippet:-1","max-image-preview":"max-image-preview:large","max-video-preview":"max-video-preview:-1"},"canonical":"https:\/\/audiofutura.fmmiradio.com\/?p=3138","og_locale":"es_ES","og_type":"article","og_title":"La Fiesta Nacional de la Uva y el Vino convoc\u00f3 a m\u00e1s de 60 mil personas en su \u00faltima noche - AUDIO FUTURA","og_description":"Caucete vivi\u00f3 un fin de semana inolvidable con la 25\u00b0 edici\u00f3n de la Fiesta Nacional de la Uva y el Vino (FNUV), el evento m\u00e1s importante del este sanjuanino. A lo largo de dos noches, m\u00e1s de 100 mil personas se dieron cita en el Predio Municipal para disfrutar de una celebraci\u00f3n que super\u00f3 todas &hellip;","og_url":"https:\/\/audiofutura.fmmiradio.com\/?p=3138","og_site_name":"AUDIO FUTURA","article_published_time":"2025-02-23T17:32:52+00:00","article_modified_time":"2025-02-23T17:32:54+00:00","og_image":[{"width":2560,"height":1707,"url":"https:\/\/audiofutura.fmmiradio.com\/wp-content\/uploads\/2025\/02\/DSC_7287-scaled.jpg","type":"image\/jpeg"}],"author":"futura","twitter_card":"summary_large_image","twitter_misc":{"Escrito por":"futura","Tiempo de lectura":"3 minutos"},"schema":{"@context":"https:\/\/schema.org","@graph":[{"@type":"WebPage","@id":"https:\/\/audiofutura.fmmiradio.com\/?p=3138","url":"https:\/\/audiofutura.fmmiradio.com\/?p=3138","name":"La Fiesta Nacional de la Uva y el Vino convoc\u00f3 a m\u00e1s de 60 mil personas en su \u00faltima noche - AUDIO FUTURA","isPartOf":{"@id":"https:\/\/audiofutura.fmmiradio.com\/#website"},"primaryImageOfPage":{"@id":"https:\/\/audiofutura.fmmiradio.com\/?p=3138#primaryimage"},"image":{"@id":"https:\/\/audiofutura.fmmiradio.com\/?p=3138#primaryimage"},"thumbnailUrl":"https:\/\/audiofutura.fmmiradio.com\/wp-content\/uploads\/2025\/02\/DSC_7287-scaled.jpg","datePublished":"2025-02-23T17:32:52+00:00","dateModified":"2025-02-23T17:32:54+00:00","author":{"@id":"https:\/\/audiofutura.fmmiradio.com\/#\/schema\/person\/bda371d1753c2e5b5dff202eaa5fa9bc"},"breadcrumb":{"@id":"https:\/\/audiofutura.fmmiradio.com\/?p=3138#breadcrumb"},"inLanguage":"es","potentialAction":[{"@type":"ReadAction","target":["https:\/\/audiofutura.fmmiradio.com\/?p=3138"]}]},{"@type":"ImageObject","inLanguage":"es","@id":"https:\/\/audiofutura.fmmiradio.com\/?p=3138#primaryimage","url":"https:\/\/audiofutura.fmmiradio.com\/wp-content\/uploads\/2025\/02\/DSC_7287-scaled.jpg","contentUrl":"https:\/\/audiofutura.fmmiradio.com\/wp-content\/uploads\/2025\/02\/DSC_7287-scaled.jpg","width":2560,"height":1707},{"@type":"BreadcrumbList","@id":"https:\/\/audiofutura.fmmiradio.com\/?p=3138#breadcrumb","itemListElement":[{"@type":"ListItem","position":1,"name":"Portada","item":"https:\/\/audiofutura.fmmiradio.com\/"},{"@type":"ListItem","position":2,"name":"La Fiesta Nacional de la Uva y el Vino convoc\u00f3 a m\u00e1s de 60 mil personas en su \u00faltima noche"}]},{"@type":"WebSite","@id":"https:\/\/audiofutura.fmmiradio.com\/#website","url":"https:\/\/audiofutura.fmmiradio.com\/","name":"AUDIO FUTURA","description":"","potentialAction":[{"@type":"SearchAction","target":{"@type":"EntryPoint","urlTemplate":"https:\/\/audiofutura.fmmiradio.com\/?s={search_term_string}"},"query-input":{"@type":"PropertyValueSpecification","valueRequired":true,"valueName":"search_term_string"}}],"inLanguage":"es"},{"@type":"Person","@id":"https:\/\/audiofutura.fmmiradio.com\/#\/schema\/person\/bda371d1753c2e5b5dff202eaa5fa9bc","name":"futura","image":{"@type":"ImageObject","inLanguage":"es","@id":"https:\/\/audiofutura.fmmiradio.com\/#\/schema\/person\/image\/","url":"https:\/\/secure.gravatar.com\/avatar\/f6ee1541937ff3e68dac011173779bde?s=96&d=mm&r=g","contentUrl":"https:\/\/secure.gravatar.com\/avatar\/f6ee1541937ff3e68dac011173779bde?s=96&d=mm&r=g","caption":"futura"},"url":"https:\/\/audiofutura.fmmiradio.com\/?author=4"}]}},"_links":{"self":[{"href":"https:\/\/audiofutura.fmmiradio.com\/index.php?rest_route=\/wp\/v2\/posts\/3138"}],"collection":[{"href":"https:\/\/audiofutura.fmmiradio.com\/index.php?rest_route=\/wp\/v2\/posts"}],"about":[{"href":"https:\/\/audiofutura.fmmiradio.com\/index.php?rest_route=\/wp\/v2\/types\/post"}],"author":[{"embeddable":true,"href":"https:\/\/audiofutura.fmmiradio.com\/index.php?rest_route=\/wp\/v2\/users\/4"}],"replies":[{"embeddable":true,"href":"https:\/\/audiofutura.fmmiradio.com\/index.php?rest_route=%2Fwp%2Fv2%2Fcomments&post=3138"}],"version-history":[{"count":1,"href":"https:\/\/audiofutura.fmmiradio.com\/index.php?rest_route=\/wp\/v2\/posts\/3138\/revisions"}],"predecessor-version":[{"id":3145,"href":"https:\/\/audiofutura.fmmiradio.com\/index.php?rest_route=\/wp\/v2\/posts\/3138\/revisions\/3145"}],"wp:featuredmedia":[{"embeddable":true,"href":"https:\/\/audiofutura.fmmiradio.com\/index.php?rest_route=\/wp\/v2\/media\/3139"}],"wp:attachment":[{"href":"https:\/\/audiofutura.fmmiradio.com\/index.php?rest_route=%2Fwp%2Fv2%2Fmedia&parent=3138"}],"wp:term":[{"taxonomy":"category","embeddable":true,"href":"https:\/\/audiofutura.fmmiradio.com\/index.php?rest_route=%2Fwp%2Fv2%2Fcategories&post=3138"},{"taxonomy":"post_tag","embeddable":true,"href":"https:\/\/audiofutura.fmmiradio.com\/index.php?rest_route=%2Fwp%2Fv2%2Ftags&post=3138"}],"curies":[{"name":"wp","href":"https:\/\/api.w.org\/{rel}","templated":true}]}}