{"id":2992,"date":"2025-02-03T14:01:28","date_gmt":"2025-02-03T14:01:28","guid":{"rendered":"https:\/\/audiofutura.fmmiradio.com\/?p=2992"},"modified":"2025-02-03T14:01:29","modified_gmt":"2025-02-03T14:01:29","slug":"25-de-mayo-eligio-a-sus-nuevas-reinas-del-carnaval-2025-tras-una-polemica","status":"publish","type":"post","link":"https:\/\/audiofutura.fmmiradio.com\/?p=2992","title":{"rendered":"25 de Mayo eligi\u00f3 a sus nuevas reinas del Carnaval 2025 tras una pol\u00e9mica"},"content":{"rendered":"\n<p>Luego de diversas idas y vueltas, finalmente <strong>25 de Mayo coron\u00f3 a sus nuevas reinas del Carnaval 2025<\/strong> en una noche de fiesta y celebraci\u00f3n, marcada por la alegr\u00eda del p\u00fablico y el colorido desfile del Corso.<\/p>\n\n\n\n<p>La elecci\u00f3n de las representantes se realiz\u00f3 tras la finalizaci\u00f3n del evento, a pesar de la controversia que surgi\u00f3 d\u00edas antes cuando la <strong>Virreina saliente, Shirli S\u00e1nchez<\/strong>, anunci\u00f3 en redes sociales que no entregar\u00eda su corona debido al <strong>incumplimiento del premio prometido<\/strong> por su participaci\u00f3n en el Carnaval 2024.<\/p>\n\n\n\n<figure class=\"wp-block-image size-full\"><img loading=\"lazy\" decoding=\"async\" width=\"790\" height=\"481\" src=\"https:\/\/audiofutura.fmmiradio.com\/wp-content\/uploads\/2025\/02\/imagepng-6.webp\" alt=\"\" class=\"wp-image-2994\" srcset=\"https:\/\/audiofutura.fmmiradio.com\/wp-content\/uploads\/2025\/02\/imagepng-6.webp 790w, https:\/\/audiofutura.fmmiradio.com\/wp-content\/uploads\/2025\/02\/imagepng-6-300x183.webp 300w, https:\/\/audiofutura.fmmiradio.com\/wp-content\/uploads\/2025\/02\/imagepng-6-768x468.webp 768w\" sizes=\"(max-width: 790px) 100vw, 790px\" \/><\/figure>\n\n\n\n<figure class=\"wp-block-image size-full\"><img loading=\"lazy\" decoding=\"async\" width=\"790\" height=\"527\" src=\"https:\/\/audiofutura.fmmiradio.com\/wp-content\/uploads\/2025\/02\/imagepng-7.webp\" alt=\"\" class=\"wp-image-2995\" srcset=\"https:\/\/audiofutura.fmmiradio.com\/wp-content\/uploads\/2025\/02\/imagepng-7.webp 790w, https:\/\/audiofutura.fmmiradio.com\/wp-content\/uploads\/2025\/02\/imagepng-7-300x200.webp 300w, https:\/\/audiofutura.fmmiradio.com\/wp-content\/uploads\/2025\/02\/imagepng-7-768x512.webp 768w\" sizes=\"(max-width: 790px) 100vw, 790px\" \/><\/figure>\n\n\n\n<p>A pesar de este conflicto, la festividad <strong>se desarroll\u00f3 con \u00e9xito<\/strong>, con la participaci\u00f3n de numerosas comparsas locales y provinciales, que dieron vida a una noche llena de m\u00fasica y baile.<\/p>\n\n\n\n<p>Las celebraciones continuaron el s\u00e1bado en el <strong>Cors\u00f3dromo de Tupel\u00ed<\/strong>, donde el p\u00fablico disfrut\u00f3 de presentaciones de <strong>Resistencia Rock, Franco Lucero, La Cima, Emiliano Quinteros, El Pacha y Walter Salinas<\/strong>.<\/p>\n\n\n\n<figure class=\"wp-block-image size-full\"><img loading=\"lazy\" decoding=\"async\" width=\"1000\" height=\"666\" src=\"https:\/\/audiofutura.fmmiradio.com\/wp-content\/uploads\/2025\/02\/476359975_1021963923310134_4906943065329361027_n.jpg\" alt=\"\" class=\"wp-image-2996\" srcset=\"https:\/\/audiofutura.fmmiradio.com\/wp-content\/uploads\/2025\/02\/476359975_1021963923310134_4906943065329361027_n.jpg 1000w, https:\/\/audiofutura.fmmiradio.com\/wp-content\/uploads\/2025\/02\/476359975_1021963923310134_4906943065329361027_n-300x200.jpg 300w, https:\/\/audiofutura.fmmiradio.com\/wp-content\/uploads\/2025\/02\/476359975_1021963923310134_4906943065329361027_n-768x511.jpg 768w, https:\/\/audiofutura.fmmiradio.com\/wp-content\/uploads\/2025\/02\/476359975_1021963923310134_4906943065329361027_n-310x205.jpg 310w\" sizes=\"(max-width: 1000px) 100vw, 1000px\" \/><\/figure>\n\n\n\n<p><\/p>\n\n\n\n<p>El evento estuvo a punto de suspenderse por las recientes contingencias clim\u00e1ticas en el departamento. Sin embargo, <strong>gracias al pedido de los vecinos y el respaldo del municipio, se logr\u00f3 realizar con \u00e9xito<\/strong>.<\/p>\n","protected":false},"excerpt":{"rendered":"<p>Luego de diversas idas y vueltas, finalmente 25 de Mayo coron\u00f3 a sus nuevas reinas del Carnaval 2025 en una noche de fiesta y celebraci\u00f3n, marcada por la alegr\u00eda del p\u00fablico y el colorido desfile del Corso. La elecci\u00f3n de las representantes se realiz\u00f3 tras la finalizaci\u00f3n del evento, a pesar de la controversia que &hellip;<\/p>\n","protected":false},"author":4,"featured_media":2993,"comment_status":"open","ping_status":"open","sticky":false,"template":"","format":"standard","meta":{"footnotes":""},"categories":[107,78,69],"tags":[],"class_list":["post-2992","post","type-post","status-publish","format-standard","has-post-thumbnail","","category-25-de-mayo","category-espectaculos","category-san-juan"],"yoast_head":"<!-- This site is optimized with the Yoast SEO plugin v25.6 - https:\/\/yoast.com\/wordpress\/plugins\/seo\/ -->\n<title>25 de Mayo eligi\u00f3 a sus nuevas reinas del Carnaval 2025 tras una pol\u00e9mica - AUDIO FUTURA<\/title>\n<meta name=\"robots\" content=\"index, follow, max-snippet:-1, max-image-preview:large, max-video-preview:-1\" \/>\n<link rel=\"canonical\" href=\"https:\/\/audiofutura.fmmiradio.com\/?p=2992\" \/>\n<meta property=\"og:locale\" content=\"es_ES\" \/>\n<meta property=\"og:type\" content=\"article\" \/>\n<meta property=\"og:title\" content=\"25 de Mayo eligi\u00f3 a sus nuevas reinas del Carnaval 2025 tras una pol\u00e9mica - AUDIO FUTURA\" \/>\n<meta property=\"og:description\" content=\"Luego de diversas idas y vueltas, finalmente 25 de Mayo coron\u00f3 a sus nuevas reinas del Carnaval 2025 en una noche de fiesta y celebraci\u00f3n, marcada por la alegr\u00eda del p\u00fablico y el colorido desfile del Corso. La elecci\u00f3n de las representantes se realiz\u00f3 tras la finalizaci\u00f3n del evento, a pesar de la controversia que &hellip;\" \/>\n<meta property=\"og:url\" content=\"https:\/\/audiofutura.fmmiradio.com\/?p=2992\" \/>\n<meta property=\"og:site_name\" content=\"AUDIO FUTURA\" \/>\n<meta property=\"article:published_time\" content=\"2025-02-03T14:01:28+00:00\" \/>\n<meta property=\"article:modified_time\" content=\"2025-02-03T14:01:29+00:00\" \/>\n<meta property=\"og:image\" content=\"https:\/\/audiofutura.fmmiradio.com\/wp-content\/uploads\/2025\/02\/imagepng-8.webp\" \/>\n\t<meta property=\"og:image:width\" content=\"790\" \/>\n\t<meta property=\"og:image:height\" content=\"526\" \/>\n\t<meta property=\"og:image:type\" content=\"image\/webp\" \/>\n<meta name=\"author\" content=\"futura\" \/>\n<meta name=\"twitter:card\" content=\"summary_large_image\" \/>\n<meta name=\"twitter:label1\" content=\"Escrito por\" \/>\n\t<meta name=\"twitter:data1\" content=\"futura\" \/>\n\t<meta name=\"twitter:label2\" content=\"Tiempo de lectura\" \/>\n\t<meta name=\"twitter:data2\" content=\"2 minutos\" \/>\n<script type=\"application\/ld+json\" class=\"yoast-schema-graph\">{\"@context\":\"https:\/\/schema.org\",\"@graph\":[{\"@type\":\"WebPage\",\"@id\":\"https:\/\/audiofutura.fmmiradio.com\/?p=2992\",\"url\":\"https:\/\/audiofutura.fmmiradio.com\/?p=2992\",\"name\":\"25 de Mayo eligi\u00f3 a sus nuevas reinas del Carnaval 2025 tras una pol\u00e9mica - AUDIO FUTURA\",\"isPartOf\":{\"@id\":\"https:\/\/audiofutura.fmmiradio.com\/#website\"},\"primaryImageOfPage\":{\"@id\":\"https:\/\/audiofutura.fmmiradio.com\/?p=2992#primaryimage\"},\"image\":{\"@id\":\"https:\/\/audiofutura.fmmiradio.com\/?p=2992#primaryimage\"},\"thumbnailUrl\":\"https:\/\/audiofutura.fmmiradio.com\/wp-content\/uploads\/2025\/02\/imagepng-8.webp\",\"datePublished\":\"2025-02-03T14:01:28+00:00\",\"dateModified\":\"2025-02-03T14:01:29+00:00\",\"author\":{\"@id\":\"https:\/\/audiofutura.fmmiradio.com\/#\/schema\/person\/bda371d1753c2e5b5dff202eaa5fa9bc\"},\"breadcrumb\":{\"@id\":\"https:\/\/audiofutura.fmmiradio.com\/?p=2992#breadcrumb\"},\"inLanguage\":\"es\",\"potentialAction\":[{\"@type\":\"ReadAction\",\"target\":[\"https:\/\/audiofutura.fmmiradio.com\/?p=2992\"]}]},{\"@type\":\"ImageObject\",\"inLanguage\":\"es\",\"@id\":\"https:\/\/audiofutura.fmmiradio.com\/?p=2992#primaryimage\",\"url\":\"https:\/\/audiofutura.fmmiradio.com\/wp-content\/uploads\/2025\/02\/imagepng-8.webp\",\"contentUrl\":\"https:\/\/audiofutura.fmmiradio.com\/wp-content\/uploads\/2025\/02\/imagepng-8.webp\",\"width\":790,\"height\":526},{\"@type\":\"BreadcrumbList\",\"@id\":\"https:\/\/audiofutura.fmmiradio.com\/?p=2992#breadcrumb\",\"itemListElement\":[{\"@type\":\"ListItem\",\"position\":1,\"name\":\"Portada\",\"item\":\"https:\/\/audiofutura.fmmiradio.com\/\"},{\"@type\":\"ListItem\",\"position\":2,\"name\":\"25 de Mayo eligi\u00f3 a sus nuevas reinas del Carnaval 2025 tras una pol\u00e9mica\"}]},{\"@type\":\"WebSite\",\"@id\":\"https:\/\/audiofutura.fmmiradio.com\/#website\",\"url\":\"https:\/\/audiofutura.fmmiradio.com\/\",\"name\":\"AUDIO FUTURA\",\"description\":\"\",\"potentialAction\":[{\"@type\":\"SearchAction\",\"target\":{\"@type\":\"EntryPoint\",\"urlTemplate\":\"https:\/\/audiofutura.fmmiradio.com\/?s={search_term_string}\"},\"query-input\":{\"@type\":\"PropertyValueSpecification\",\"valueRequired\":true,\"valueName\":\"search_term_string\"}}],\"inLanguage\":\"es\"},{\"@type\":\"Person\",\"@id\":\"https:\/\/audiofutura.fmmiradio.com\/#\/schema\/person\/bda371d1753c2e5b5dff202eaa5fa9bc\",\"name\":\"futura\",\"image\":{\"@type\":\"ImageObject\",\"inLanguage\":\"es\",\"@id\":\"https:\/\/audiofutura.fmmiradio.com\/#\/schema\/person\/image\/\",\"url\":\"https:\/\/secure.gravatar.com\/avatar\/f6ee1541937ff3e68dac011173779bde?s=96&d=mm&r=g\",\"contentUrl\":\"https:\/\/secure.gravatar.com\/avatar\/f6ee1541937ff3e68dac011173779bde?s=96&d=mm&r=g\",\"caption\":\"futura\"},\"url\":\"https:\/\/audiofutura.fmmiradio.com\/?author=4\"}]}<\/script>\n<!-- \/ Yoast SEO plugin. -->","yoast_head_json":{"title":"25 de Mayo eligi\u00f3 a sus nuevas reinas del Carnaval 2025 tras una pol\u00e9mica - AUDIO FUTURA","robots":{"index":"index","follow":"follow","max-snippet":"max-snippet:-1","max-image-preview":"max-image-preview:large","max-video-preview":"max-video-preview:-1"},"canonical":"https:\/\/audiofutura.fmmiradio.com\/?p=2992","og_locale":"es_ES","og_type":"article","og_title":"25 de Mayo eligi\u00f3 a sus nuevas reinas del Carnaval 2025 tras una pol\u00e9mica - AUDIO FUTURA","og_description":"Luego de diversas idas y vueltas, finalmente 25 de Mayo coron\u00f3 a sus nuevas reinas del Carnaval 2025 en una noche de fiesta y celebraci\u00f3n, marcada por la alegr\u00eda del p\u00fablico y el colorido desfile del Corso. La elecci\u00f3n de las representantes se realiz\u00f3 tras la finalizaci\u00f3n del evento, a pesar de la controversia que &hellip;","og_url":"https:\/\/audiofutura.fmmiradio.com\/?p=2992","og_site_name":"AUDIO FUTURA","article_published_time":"2025-02-03T14:01:28+00:00","article_modified_time":"2025-02-03T14:01:29+00:00","og_image":[{"width":790,"height":526,"url":"https:\/\/audiofutura.fmmiradio.com\/wp-content\/uploads\/2025\/02\/imagepng-8.webp","type":"image\/webp"}],"author":"futura","twitter_card":"summary_large_image","twitter_misc":{"Escrito por":"futura","Tiempo de lectura":"2 minutos"},"schema":{"@context":"https:\/\/schema.org","@graph":[{"@type":"WebPage","@id":"https:\/\/audiofutura.fmmiradio.com\/?p=2992","url":"https:\/\/audiofutura.fmmiradio.com\/?p=2992","name":"25 de Mayo eligi\u00f3 a sus nuevas reinas del Carnaval 2025 tras una pol\u00e9mica - AUDIO FUTURA","isPartOf":{"@id":"https:\/\/audiofutura.fmmiradio.com\/#website"},"primaryImageOfPage":{"@id":"https:\/\/audiofutura.fmmiradio.com\/?p=2992#primaryimage"},"image":{"@id":"https:\/\/audiofutura.fmmiradio.com\/?p=2992#primaryimage"},"thumbnailUrl":"https:\/\/audiofutura.fmmiradio.com\/wp-content\/uploads\/2025\/02\/imagepng-8.webp","datePublished":"2025-02-03T14:01:28+00:00","dateModified":"2025-02-03T14:01:29+00:00","author":{"@id":"https:\/\/audiofutura.fmmiradio.com\/#\/schema\/person\/bda371d1753c2e5b5dff202eaa5fa9bc"},"breadcrumb":{"@id":"https:\/\/audiofutura.fmmiradio.com\/?p=2992#breadcrumb"},"inLanguage":"es","potentialAction":[{"@type":"ReadAction","target":["https:\/\/audiofutura.fmmiradio.com\/?p=2992"]}]},{"@type":"ImageObject","inLanguage":"es","@id":"https:\/\/audiofutura.fmmiradio.com\/?p=2992#primaryimage","url":"https:\/\/audiofutura.fmmiradio.com\/wp-content\/uploads\/2025\/02\/imagepng-8.webp","contentUrl":"https:\/\/audiofutura.fmmiradio.com\/wp-content\/uploads\/2025\/02\/imagepng-8.webp","width":790,"height":526},{"@type":"BreadcrumbList","@id":"https:\/\/audiofutura.fmmiradio.com\/?p=2992#breadcrumb","itemListElement":[{"@type":"ListItem","position":1,"name":"Portada","item":"https:\/\/audiofutura.fmmiradio.com\/"},{"@type":"ListItem","position":2,"name":"25 de Mayo eligi\u00f3 a sus nuevas reinas del Carnaval 2025 tras una pol\u00e9mica"}]},{"@type":"WebSite","@id":"https:\/\/audiofutura.fmmiradio.com\/#website","url":"https:\/\/audiofutura.fmmiradio.com\/","name":"AUDIO FUTURA","description":"","potentialAction":[{"@type":"SearchAction","target":{"@type":"EntryPoint","urlTemplate":"https:\/\/audiofutura.fmmiradio.com\/?s={search_term_string}"},"query-input":{"@type":"PropertyValueSpecification","valueRequired":true,"valueName":"search_term_string"}}],"inLanguage":"es"},{"@type":"Person","@id":"https:\/\/audiofutura.fmmiradio.com\/#\/schema\/person\/bda371d1753c2e5b5dff202eaa5fa9bc","name":"futura","image":{"@type":"ImageObject","inLanguage":"es","@id":"https:\/\/audiofutura.fmmiradio.com\/#\/schema\/person\/image\/","url":"https:\/\/secure.gravatar.com\/avatar\/f6ee1541937ff3e68dac011173779bde?s=96&d=mm&r=g","contentUrl":"https:\/\/secure.gravatar.com\/avatar\/f6ee1541937ff3e68dac011173779bde?s=96&d=mm&r=g","caption":"futura"},"url":"https:\/\/audiofutura.fmmiradio.com\/?author=4"}]}},"_links":{"self":[{"href":"https:\/\/audiofutura.fmmiradio.com\/index.php?rest_route=\/wp\/v2\/posts\/2992"}],"collection":[{"href":"https:\/\/audiofutura.fmmiradio.com\/index.php?rest_route=\/wp\/v2\/posts"}],"about":[{"href":"https:\/\/audiofutura.fmmiradio.com\/index.php?rest_route=\/wp\/v2\/types\/post"}],"author":[{"embeddable":true,"href":"https:\/\/audiofutura.fmmiradio.com\/index.php?rest_route=\/wp\/v2\/users\/4"}],"replies":[{"embeddable":true,"href":"https:\/\/audiofutura.fmmiradio.com\/index.php?rest_route=%2Fwp%2Fv2%2Fcomments&post=2992"}],"version-history":[{"count":1,"href":"https:\/\/audiofutura.fmmiradio.com\/index.php?rest_route=\/wp\/v2\/posts\/2992\/revisions"}],"predecessor-version":[{"id":2997,"href":"https:\/\/audiofutura.fmmiradio.com\/index.php?rest_route=\/wp\/v2\/posts\/2992\/revisions\/2997"}],"wp:featuredmedia":[{"embeddable":true,"href":"https:\/\/audiofutura.fmmiradio.com\/index.php?rest_route=\/wp\/v2\/media\/2993"}],"wp:attachment":[{"href":"https:\/\/audiofutura.fmmiradio.com\/index.php?rest_route=%2Fwp%2Fv2%2Fmedia&parent=2992"}],"wp:term":[{"taxonomy":"category","embeddable":true,"href":"https:\/\/audiofutura.fmmiradio.com\/index.php?rest_route=%2Fwp%2Fv2%2Fcategories&post=2992"},{"taxonomy":"post_tag","embeddable":true,"href":"https:\/\/audiofutura.fmmiradio.com\/index.php?rest_route=%2Fwp%2Fv2%2Ftags&post=2992"}],"curies":[{"name":"wp","href":"https:\/\/api.w.org\/{rel}","templated":true}]}}