{"id":2964,"date":"2025-01-23T14:41:06","date_gmt":"2025-01-23T14:41:06","guid":{"rendered":"https:\/\/audiofutura.fmmiradio.com\/?p=2964"},"modified":"2025-01-23T14:41:08","modified_gmt":"2025-01-23T14:41:08","slug":"la-mona-jimenez-regresa-a-san-juan-tras-10-anos-de-ausencia","status":"publish","type":"post","link":"https:\/\/audiofutura.fmmiradio.com\/?p=2964","title":{"rendered":"La Mona Jim\u00e9nez regresa a San Juan tras 10 a\u00f1os de ausencia"},"content":{"rendered":"\n<p>Buenas noticias para los amantes del cuarteto en San Juan: <strong>Carlos \u00abLa Mona\u00bb Jim\u00e9nez<\/strong> volver\u00e1 a la provincia despu\u00e9s de una d\u00e9cada. Fuentes de la organizaci\u00f3n confirmaron que el contrato ya est\u00e1 firmado y que el esperado recital ser\u00e1 en marzo. Si bien a\u00fan no se han revelado todos los detalles, se anticipa que el show se llevar\u00e1 a cabo en una cancha, coincidiendo con su presentaci\u00f3n en Mendoza durante el mismo mes.<\/p>\n\n\n\n<p>La \u00faltima vez que el Rey del cuarteto pis\u00f3 suelo sanjuanino fue el <strong>16 de abril de 2015<\/strong>, cuando brind\u00f3 un inolvidable show en el Complejo Vodoo, ubicado sobre calle Pellegrini. En aquella oportunidad, La Mona tambi\u00e9n visit\u00f3 la Casa de Gobierno, donde se reuni\u00f3 con el entonces gobernador <strong>Jos\u00e9 Luis Gioja<\/strong> y su hijo. Gioja comparti\u00f3 fotos del encuentro en sus redes sociales, expresando el cari\u00f1o que el artista cordob\u00e9s transmiti\u00f3 a los sanjuaninos.<\/p>\n\n\n\n<p>En los pr\u00f3ximos d\u00edas, se espera que los organizadores confirmen el d\u00eda exacto, el lugar del evento y los precios de las entradas. Mientras tanto, los fan\u00e1ticos de La Mona comienzan a prepararse para recibirlo nuevamente, en lo que promete ser una fiesta al ritmo del cuarteto.<\/p>\n","protected":false},"excerpt":{"rendered":"<p>Buenas noticias para los amantes del cuarteto en San Juan: Carlos \u00abLa Mona\u00bb Jim\u00e9nez volver\u00e1 a la provincia despu\u00e9s de una d\u00e9cada. Fuentes de la organizaci\u00f3n confirmaron que el contrato ya est\u00e1 firmado y que el esperado recital ser\u00e1 en marzo. Si bien a\u00fan no se han revelado todos los detalles, se anticipa que el &hellip;<\/p>\n","protected":false},"author":4,"featured_media":2965,"comment_status":"open","ping_status":"open","sticky":false,"template":"","format":"standard","meta":{"footnotes":""},"categories":[78,69],"tags":[],"class_list":["post-2964","post","type-post","status-publish","format-standard","has-post-thumbnail","","category-espectaculos","category-san-juan"],"yoast_head":"<!-- This site is optimized with the Yoast SEO plugin v25.6 - https:\/\/yoast.com\/wordpress\/plugins\/seo\/ -->\n<title>La Mona Jim\u00e9nez regresa a San Juan tras 10 a\u00f1os de ausencia - AUDIO FUTURA<\/title>\n<meta name=\"robots\" content=\"index, follow, max-snippet:-1, max-image-preview:large, max-video-preview:-1\" \/>\n<link rel=\"canonical\" href=\"https:\/\/audiofutura.fmmiradio.com\/?p=2964\" \/>\n<meta property=\"og:locale\" content=\"es_ES\" \/>\n<meta property=\"og:type\" content=\"article\" \/>\n<meta property=\"og:title\" content=\"La Mona Jim\u00e9nez regresa a San Juan tras 10 a\u00f1os de ausencia - AUDIO FUTURA\" \/>\n<meta property=\"og:description\" content=\"Buenas noticias para los amantes del cuarteto en San Juan: Carlos \u00abLa Mona\u00bb Jim\u00e9nez volver\u00e1 a la provincia despu\u00e9s de una d\u00e9cada. Fuentes de la organizaci\u00f3n confirmaron que el contrato ya est\u00e1 firmado y que el esperado recital ser\u00e1 en marzo. Si bien a\u00fan no se han revelado todos los detalles, se anticipa que el &hellip;\" \/>\n<meta property=\"og:url\" content=\"https:\/\/audiofutura.fmmiradio.com\/?p=2964\" \/>\n<meta property=\"og:site_name\" content=\"AUDIO FUTURA\" \/>\n<meta property=\"article:published_time\" content=\"2025-01-23T14:41:06+00:00\" \/>\n<meta property=\"article:modified_time\" content=\"2025-01-23T14:41:08+00:00\" \/>\n<meta property=\"og:image\" content=\"https:\/\/audiofutura.fmmiradio.com\/wp-content\/uploads\/2025\/01\/340565w790h512c.jpg.webp\" \/>\n\t<meta property=\"og:image:width\" content=\"790\" \/>\n\t<meta property=\"og:image:height\" content=\"512\" \/>\n\t<meta property=\"og:image:type\" content=\"image\/webp\" \/>\n<meta name=\"author\" content=\"futura\" \/>\n<meta name=\"twitter:card\" content=\"summary_large_image\" \/>\n<meta name=\"twitter:label1\" content=\"Escrito por\" \/>\n\t<meta name=\"twitter:data1\" content=\"futura\" \/>\n\t<meta name=\"twitter:label2\" content=\"Tiempo de lectura\" \/>\n\t<meta name=\"twitter:data2\" content=\"2 minutos\" \/>\n<script type=\"application\/ld+json\" class=\"yoast-schema-graph\">{\"@context\":\"https:\/\/schema.org\",\"@graph\":[{\"@type\":\"WebPage\",\"@id\":\"https:\/\/audiofutura.fmmiradio.com\/?p=2964\",\"url\":\"https:\/\/audiofutura.fmmiradio.com\/?p=2964\",\"name\":\"La Mona Jim\u00e9nez regresa a San Juan tras 10 a\u00f1os de ausencia - AUDIO FUTURA\",\"isPartOf\":{\"@id\":\"https:\/\/audiofutura.fmmiradio.com\/#website\"},\"primaryImageOfPage\":{\"@id\":\"https:\/\/audiofutura.fmmiradio.com\/?p=2964#primaryimage\"},\"image\":{\"@id\":\"https:\/\/audiofutura.fmmiradio.com\/?p=2964#primaryimage\"},\"thumbnailUrl\":\"https:\/\/audiofutura.fmmiradio.com\/wp-content\/uploads\/2025\/01\/340565w790h512c.jpg.webp\",\"datePublished\":\"2025-01-23T14:41:06+00:00\",\"dateModified\":\"2025-01-23T14:41:08+00:00\",\"author\":{\"@id\":\"https:\/\/audiofutura.fmmiradio.com\/#\/schema\/person\/bda371d1753c2e5b5dff202eaa5fa9bc\"},\"breadcrumb\":{\"@id\":\"https:\/\/audiofutura.fmmiradio.com\/?p=2964#breadcrumb\"},\"inLanguage\":\"es\",\"potentialAction\":[{\"@type\":\"ReadAction\",\"target\":[\"https:\/\/audiofutura.fmmiradio.com\/?p=2964\"]}]},{\"@type\":\"ImageObject\",\"inLanguage\":\"es\",\"@id\":\"https:\/\/audiofutura.fmmiradio.com\/?p=2964#primaryimage\",\"url\":\"https:\/\/audiofutura.fmmiradio.com\/wp-content\/uploads\/2025\/01\/340565w790h512c.jpg.webp\",\"contentUrl\":\"https:\/\/audiofutura.fmmiradio.com\/wp-content\/uploads\/2025\/01\/340565w790h512c.jpg.webp\",\"width\":790,\"height\":512},{\"@type\":\"BreadcrumbList\",\"@id\":\"https:\/\/audiofutura.fmmiradio.com\/?p=2964#breadcrumb\",\"itemListElement\":[{\"@type\":\"ListItem\",\"position\":1,\"name\":\"Portada\",\"item\":\"https:\/\/audiofutura.fmmiradio.com\/\"},{\"@type\":\"ListItem\",\"position\":2,\"name\":\"La Mona Jim\u00e9nez regresa a San Juan tras 10 a\u00f1os de ausencia\"}]},{\"@type\":\"WebSite\",\"@id\":\"https:\/\/audiofutura.fmmiradio.com\/#website\",\"url\":\"https:\/\/audiofutura.fmmiradio.com\/\",\"name\":\"AUDIO FUTURA\",\"description\":\"\",\"potentialAction\":[{\"@type\":\"SearchAction\",\"target\":{\"@type\":\"EntryPoint\",\"urlTemplate\":\"https:\/\/audiofutura.fmmiradio.com\/?s={search_term_string}\"},\"query-input\":{\"@type\":\"PropertyValueSpecification\",\"valueRequired\":true,\"valueName\":\"search_term_string\"}}],\"inLanguage\":\"es\"},{\"@type\":\"Person\",\"@id\":\"https:\/\/audiofutura.fmmiradio.com\/#\/schema\/person\/bda371d1753c2e5b5dff202eaa5fa9bc\",\"name\":\"futura\",\"image\":{\"@type\":\"ImageObject\",\"inLanguage\":\"es\",\"@id\":\"https:\/\/audiofutura.fmmiradio.com\/#\/schema\/person\/image\/\",\"url\":\"https:\/\/secure.gravatar.com\/avatar\/f6ee1541937ff3e68dac011173779bde?s=96&d=mm&r=g\",\"contentUrl\":\"https:\/\/secure.gravatar.com\/avatar\/f6ee1541937ff3e68dac011173779bde?s=96&d=mm&r=g\",\"caption\":\"futura\"},\"url\":\"https:\/\/audiofutura.fmmiradio.com\/?author=4\"}]}<\/script>\n<!-- \/ Yoast SEO plugin. -->","yoast_head_json":{"title":"La Mona Jim\u00e9nez regresa a San Juan tras 10 a\u00f1os de ausencia - AUDIO FUTURA","robots":{"index":"index","follow":"follow","max-snippet":"max-snippet:-1","max-image-preview":"max-image-preview:large","max-video-preview":"max-video-preview:-1"},"canonical":"https:\/\/audiofutura.fmmiradio.com\/?p=2964","og_locale":"es_ES","og_type":"article","og_title":"La Mona Jim\u00e9nez regresa a San Juan tras 10 a\u00f1os de ausencia - AUDIO FUTURA","og_description":"Buenas noticias para los amantes del cuarteto en San Juan: Carlos \u00abLa Mona\u00bb Jim\u00e9nez volver\u00e1 a la provincia despu\u00e9s de una d\u00e9cada. Fuentes de la organizaci\u00f3n confirmaron que el contrato ya est\u00e1 firmado y que el esperado recital ser\u00e1 en marzo. Si bien a\u00fan no se han revelado todos los detalles, se anticipa que el &hellip;","og_url":"https:\/\/audiofutura.fmmiradio.com\/?p=2964","og_site_name":"AUDIO FUTURA","article_published_time":"2025-01-23T14:41:06+00:00","article_modified_time":"2025-01-23T14:41:08+00:00","og_image":[{"width":790,"height":512,"url":"https:\/\/audiofutura.fmmiradio.com\/wp-content\/uploads\/2025\/01\/340565w790h512c.jpg.webp","type":"image\/webp"}],"author":"futura","twitter_card":"summary_large_image","twitter_misc":{"Escrito por":"futura","Tiempo de lectura":"2 minutos"},"schema":{"@context":"https:\/\/schema.org","@graph":[{"@type":"WebPage","@id":"https:\/\/audiofutura.fmmiradio.com\/?p=2964","url":"https:\/\/audiofutura.fmmiradio.com\/?p=2964","name":"La Mona Jim\u00e9nez regresa a San Juan tras 10 a\u00f1os de ausencia - AUDIO FUTURA","isPartOf":{"@id":"https:\/\/audiofutura.fmmiradio.com\/#website"},"primaryImageOfPage":{"@id":"https:\/\/audiofutura.fmmiradio.com\/?p=2964#primaryimage"},"image":{"@id":"https:\/\/audiofutura.fmmiradio.com\/?p=2964#primaryimage"},"thumbnailUrl":"https:\/\/audiofutura.fmmiradio.com\/wp-content\/uploads\/2025\/01\/340565w790h512c.jpg.webp","datePublished":"2025-01-23T14:41:06+00:00","dateModified":"2025-01-23T14:41:08+00:00","author":{"@id":"https:\/\/audiofutura.fmmiradio.com\/#\/schema\/person\/bda371d1753c2e5b5dff202eaa5fa9bc"},"breadcrumb":{"@id":"https:\/\/audiofutura.fmmiradio.com\/?p=2964#breadcrumb"},"inLanguage":"es","potentialAction":[{"@type":"ReadAction","target":["https:\/\/audiofutura.fmmiradio.com\/?p=2964"]}]},{"@type":"ImageObject","inLanguage":"es","@id":"https:\/\/audiofutura.fmmiradio.com\/?p=2964#primaryimage","url":"https:\/\/audiofutura.fmmiradio.com\/wp-content\/uploads\/2025\/01\/340565w790h512c.jpg.webp","contentUrl":"https:\/\/audiofutura.fmmiradio.com\/wp-content\/uploads\/2025\/01\/340565w790h512c.jpg.webp","width":790,"height":512},{"@type":"BreadcrumbList","@id":"https:\/\/audiofutura.fmmiradio.com\/?p=2964#breadcrumb","itemListElement":[{"@type":"ListItem","position":1,"name":"Portada","item":"https:\/\/audiofutura.fmmiradio.com\/"},{"@type":"ListItem","position":2,"name":"La Mona Jim\u00e9nez regresa a San Juan tras 10 a\u00f1os de ausencia"}]},{"@type":"WebSite","@id":"https:\/\/audiofutura.fmmiradio.com\/#website","url":"https:\/\/audiofutura.fmmiradio.com\/","name":"AUDIO FUTURA","description":"","potentialAction":[{"@type":"SearchAction","target":{"@type":"EntryPoint","urlTemplate":"https:\/\/audiofutura.fmmiradio.com\/?s={search_term_string}"},"query-input":{"@type":"PropertyValueSpecification","valueRequired":true,"valueName":"search_term_string"}}],"inLanguage":"es"},{"@type":"Person","@id":"https:\/\/audiofutura.fmmiradio.com\/#\/schema\/person\/bda371d1753c2e5b5dff202eaa5fa9bc","name":"futura","image":{"@type":"ImageObject","inLanguage":"es","@id":"https:\/\/audiofutura.fmmiradio.com\/#\/schema\/person\/image\/","url":"https:\/\/secure.gravatar.com\/avatar\/f6ee1541937ff3e68dac011173779bde?s=96&d=mm&r=g","contentUrl":"https:\/\/secure.gravatar.com\/avatar\/f6ee1541937ff3e68dac011173779bde?s=96&d=mm&r=g","caption":"futura"},"url":"https:\/\/audiofutura.fmmiradio.com\/?author=4"}]}},"_links":{"self":[{"href":"https:\/\/audiofutura.fmmiradio.com\/index.php?rest_route=\/wp\/v2\/posts\/2964"}],"collection":[{"href":"https:\/\/audiofutura.fmmiradio.com\/index.php?rest_route=\/wp\/v2\/posts"}],"about":[{"href":"https:\/\/audiofutura.fmmiradio.com\/index.php?rest_route=\/wp\/v2\/types\/post"}],"author":[{"embeddable":true,"href":"https:\/\/audiofutura.fmmiradio.com\/index.php?rest_route=\/wp\/v2\/users\/4"}],"replies":[{"embeddable":true,"href":"https:\/\/audiofutura.fmmiradio.com\/index.php?rest_route=%2Fwp%2Fv2%2Fcomments&post=2964"}],"version-history":[{"count":1,"href":"https:\/\/audiofutura.fmmiradio.com\/index.php?rest_route=\/wp\/v2\/posts\/2964\/revisions"}],"predecessor-version":[{"id":2966,"href":"https:\/\/audiofutura.fmmiradio.com\/index.php?rest_route=\/wp\/v2\/posts\/2964\/revisions\/2966"}],"wp:featuredmedia":[{"embeddable":true,"href":"https:\/\/audiofutura.fmmiradio.com\/index.php?rest_route=\/wp\/v2\/media\/2965"}],"wp:attachment":[{"href":"https:\/\/audiofutura.fmmiradio.com\/index.php?rest_route=%2Fwp%2Fv2%2Fmedia&parent=2964"}],"wp:term":[{"taxonomy":"category","embeddable":true,"href":"https:\/\/audiofutura.fmmiradio.com\/index.php?rest_route=%2Fwp%2Fv2%2Fcategories&post=2964"},{"taxonomy":"post_tag","embeddable":true,"href":"https:\/\/audiofutura.fmmiradio.com\/index.php?rest_route=%2Fwp%2Fv2%2Ftags&post=2964"}],"curies":[{"name":"wp","href":"https:\/\/api.w.org\/{rel}","templated":true}]}}