{"id":2687,"date":"2024-12-30T15:21:05","date_gmt":"2024-12-30T15:21:05","guid":{"rendered":"https:\/\/audiofutura.fmmiradio.com\/?p=2687"},"modified":"2024-12-30T15:33:13","modified_gmt":"2024-12-30T15:33:13","slug":"reprograman-el-festival-del-verano-en-caucete-por-mal-tiempo","status":"publish","type":"post","link":"https:\/\/audiofutura.fmmiradio.com\/?p=2687","title":{"rendered":"Reprograman el Festival del Verano en Caucete por mal tiempo"},"content":{"rendered":"\n<p><\/p>\n\n\n\n<p>La Municipalidad de Caucete comunic\u00f3 que la productora organizadora del Festival del Verano, un evento de car\u00e1cter privado, ha decidido reprogramar el espect\u00e1culo para el pr\u00f3ximo mi\u00e9rcoles 15 de enero.<\/p>\n\n\n\n<p>La medida fue tomada debido a las condiciones clim\u00e1ticas adversas, priorizando la seguridad y el bienestar de todos los asistentes.<\/p>\n\n\n\n<p>Se espera que esta nueva fecha permita disfrutar del evento en un ambiente seguro y adecuado para todos los presentes.<\/p>\n\n\n\n<p><\/p>\n","protected":false},"excerpt":{"rendered":"<p>La Municipalidad de Caucete comunic\u00f3 que la productora organizadora del Festival del Verano, un evento de car\u00e1cter privado, ha decidido reprogramar el espect\u00e1culo para el pr\u00f3ximo mi\u00e9rcoles 15 de enero. La medida fue tomada debido a las condiciones clim\u00e1ticas adversas, priorizando la seguridad y el bienestar de todos los asistentes. Se espera que esta nueva &hellip;<\/p>\n","protected":false},"author":4,"featured_media":2692,"comment_status":"open","ping_status":"open","sticky":false,"template":"","format":"standard","meta":{"footnotes":""},"categories":[105,78],"tags":[],"class_list":["post-2687","post","type-post","status-publish","format-standard","has-post-thumbnail","","category-caucete","category-espectaculos"],"yoast_head":"<!-- This site is optimized with the Yoast SEO plugin v25.6 - https:\/\/yoast.com\/wordpress\/plugins\/seo\/ -->\n<title>Reprograman el Festival del Verano en Caucete por mal tiempo - AUDIO FUTURA<\/title>\n<meta name=\"robots\" content=\"index, follow, max-snippet:-1, max-image-preview:large, max-video-preview:-1\" \/>\n<link rel=\"canonical\" href=\"https:\/\/audiofutura.fmmiradio.com\/?p=2687\" \/>\n<meta property=\"og:locale\" content=\"es_ES\" \/>\n<meta property=\"og:type\" content=\"article\" \/>\n<meta property=\"og:title\" content=\"Reprograman el Festival del Verano en Caucete por mal tiempo - AUDIO FUTURA\" \/>\n<meta property=\"og:description\" content=\"La Municipalidad de Caucete comunic\u00f3 que la productora organizadora del Festival del Verano, un evento de car\u00e1cter privado, ha decidido reprogramar el espect\u00e1culo para el pr\u00f3ximo mi\u00e9rcoles 15 de enero. La medida fue tomada debido a las condiciones clim\u00e1ticas adversas, priorizando la seguridad y el bienestar de todos los asistentes. Se espera que esta nueva &hellip;\" \/>\n<meta property=\"og:url\" content=\"https:\/\/audiofutura.fmmiradio.com\/?p=2687\" \/>\n<meta property=\"og:site_name\" content=\"AUDIO FUTURA\" \/>\n<meta property=\"article:published_time\" content=\"2024-12-30T15:21:05+00:00\" \/>\n<meta property=\"article:modified_time\" content=\"2024-12-30T15:33:13+00:00\" \/>\n<meta property=\"og:image\" content=\"https:\/\/audiofutura.fmmiradio.com\/wp-content\/uploads\/2024\/12\/IMG_20241230_123217.jpg\" \/>\n\t<meta property=\"og:image:width\" content=\"647\" \/>\n\t<meta property=\"og:image:height\" content=\"647\" \/>\n\t<meta property=\"og:image:type\" content=\"image\/jpeg\" \/>\n<meta name=\"author\" content=\"futura\" \/>\n<meta name=\"twitter:card\" content=\"summary_large_image\" \/>\n<meta name=\"twitter:label1\" content=\"Escrito por\" \/>\n\t<meta name=\"twitter:data1\" content=\"futura\" \/>\n<script type=\"application\/ld+json\" class=\"yoast-schema-graph\">{\"@context\":\"https:\/\/schema.org\",\"@graph\":[{\"@type\":\"WebPage\",\"@id\":\"https:\/\/audiofutura.fmmiradio.com\/?p=2687\",\"url\":\"https:\/\/audiofutura.fmmiradio.com\/?p=2687\",\"name\":\"Reprograman el Festival del Verano en Caucete por mal tiempo - AUDIO FUTURA\",\"isPartOf\":{\"@id\":\"https:\/\/audiofutura.fmmiradio.com\/#website\"},\"primaryImageOfPage\":{\"@id\":\"https:\/\/audiofutura.fmmiradio.com\/?p=2687#primaryimage\"},\"image\":{\"@id\":\"https:\/\/audiofutura.fmmiradio.com\/?p=2687#primaryimage\"},\"thumbnailUrl\":\"https:\/\/audiofutura.fmmiradio.com\/wp-content\/uploads\/2024\/12\/IMG_20241230_123217.jpg\",\"datePublished\":\"2024-12-30T15:21:05+00:00\",\"dateModified\":\"2024-12-30T15:33:13+00:00\",\"author\":{\"@id\":\"https:\/\/audiofutura.fmmiradio.com\/#\/schema\/person\/bda371d1753c2e5b5dff202eaa5fa9bc\"},\"breadcrumb\":{\"@id\":\"https:\/\/audiofutura.fmmiradio.com\/?p=2687#breadcrumb\"},\"inLanguage\":\"es\",\"potentialAction\":[{\"@type\":\"ReadAction\",\"target\":[\"https:\/\/audiofutura.fmmiradio.com\/?p=2687\"]}]},{\"@type\":\"ImageObject\",\"inLanguage\":\"es\",\"@id\":\"https:\/\/audiofutura.fmmiradio.com\/?p=2687#primaryimage\",\"url\":\"https:\/\/audiofutura.fmmiradio.com\/wp-content\/uploads\/2024\/12\/IMG_20241230_123217.jpg\",\"contentUrl\":\"https:\/\/audiofutura.fmmiradio.com\/wp-content\/uploads\/2024\/12\/IMG_20241230_123217.jpg\",\"width\":647,\"height\":647},{\"@type\":\"BreadcrumbList\",\"@id\":\"https:\/\/audiofutura.fmmiradio.com\/?p=2687#breadcrumb\",\"itemListElement\":[{\"@type\":\"ListItem\",\"position\":1,\"name\":\"Portada\",\"item\":\"https:\/\/audiofutura.fmmiradio.com\/\"},{\"@type\":\"ListItem\",\"position\":2,\"name\":\"Reprograman el Festival del Verano en Caucete por mal tiempo\"}]},{\"@type\":\"WebSite\",\"@id\":\"https:\/\/audiofutura.fmmiradio.com\/#website\",\"url\":\"https:\/\/audiofutura.fmmiradio.com\/\",\"name\":\"AUDIO FUTURA\",\"description\":\"\",\"potentialAction\":[{\"@type\":\"SearchAction\",\"target\":{\"@type\":\"EntryPoint\",\"urlTemplate\":\"https:\/\/audiofutura.fmmiradio.com\/?s={search_term_string}\"},\"query-input\":{\"@type\":\"PropertyValueSpecification\",\"valueRequired\":true,\"valueName\":\"search_term_string\"}}],\"inLanguage\":\"es\"},{\"@type\":\"Person\",\"@id\":\"https:\/\/audiofutura.fmmiradio.com\/#\/schema\/person\/bda371d1753c2e5b5dff202eaa5fa9bc\",\"name\":\"futura\",\"image\":{\"@type\":\"ImageObject\",\"inLanguage\":\"es\",\"@id\":\"https:\/\/audiofutura.fmmiradio.com\/#\/schema\/person\/image\/\",\"url\":\"https:\/\/secure.gravatar.com\/avatar\/f6ee1541937ff3e68dac011173779bde?s=96&d=mm&r=g\",\"contentUrl\":\"https:\/\/secure.gravatar.com\/avatar\/f6ee1541937ff3e68dac011173779bde?s=96&d=mm&r=g\",\"caption\":\"futura\"},\"url\":\"https:\/\/audiofutura.fmmiradio.com\/?author=4\"}]}<\/script>\n<!-- \/ Yoast SEO plugin. -->","yoast_head_json":{"title":"Reprograman el Festival del Verano en Caucete por mal tiempo - AUDIO FUTURA","robots":{"index":"index","follow":"follow","max-snippet":"max-snippet:-1","max-image-preview":"max-image-preview:large","max-video-preview":"max-video-preview:-1"},"canonical":"https:\/\/audiofutura.fmmiradio.com\/?p=2687","og_locale":"es_ES","og_type":"article","og_title":"Reprograman el Festival del Verano en Caucete por mal tiempo - AUDIO FUTURA","og_description":"La Municipalidad de Caucete comunic\u00f3 que la productora organizadora del Festival del Verano, un evento de car\u00e1cter privado, ha decidido reprogramar el espect\u00e1culo para el pr\u00f3ximo mi\u00e9rcoles 15 de enero. La medida fue tomada debido a las condiciones clim\u00e1ticas adversas, priorizando la seguridad y el bienestar de todos los asistentes. Se espera que esta nueva &hellip;","og_url":"https:\/\/audiofutura.fmmiradio.com\/?p=2687","og_site_name":"AUDIO FUTURA","article_published_time":"2024-12-30T15:21:05+00:00","article_modified_time":"2024-12-30T15:33:13+00:00","og_image":[{"width":647,"height":647,"url":"https:\/\/audiofutura.fmmiradio.com\/wp-content\/uploads\/2024\/12\/IMG_20241230_123217.jpg","type":"image\/jpeg"}],"author":"futura","twitter_card":"summary_large_image","twitter_misc":{"Escrito por":"futura"},"schema":{"@context":"https:\/\/schema.org","@graph":[{"@type":"WebPage","@id":"https:\/\/audiofutura.fmmiradio.com\/?p=2687","url":"https:\/\/audiofutura.fmmiradio.com\/?p=2687","name":"Reprograman el Festival del Verano en Caucete por mal tiempo - AUDIO FUTURA","isPartOf":{"@id":"https:\/\/audiofutura.fmmiradio.com\/#website"},"primaryImageOfPage":{"@id":"https:\/\/audiofutura.fmmiradio.com\/?p=2687#primaryimage"},"image":{"@id":"https:\/\/audiofutura.fmmiradio.com\/?p=2687#primaryimage"},"thumbnailUrl":"https:\/\/audiofutura.fmmiradio.com\/wp-content\/uploads\/2024\/12\/IMG_20241230_123217.jpg","datePublished":"2024-12-30T15:21:05+00:00","dateModified":"2024-12-30T15:33:13+00:00","author":{"@id":"https:\/\/audiofutura.fmmiradio.com\/#\/schema\/person\/bda371d1753c2e5b5dff202eaa5fa9bc"},"breadcrumb":{"@id":"https:\/\/audiofutura.fmmiradio.com\/?p=2687#breadcrumb"},"inLanguage":"es","potentialAction":[{"@type":"ReadAction","target":["https:\/\/audiofutura.fmmiradio.com\/?p=2687"]}]},{"@type":"ImageObject","inLanguage":"es","@id":"https:\/\/audiofutura.fmmiradio.com\/?p=2687#primaryimage","url":"https:\/\/audiofutura.fmmiradio.com\/wp-content\/uploads\/2024\/12\/IMG_20241230_123217.jpg","contentUrl":"https:\/\/audiofutura.fmmiradio.com\/wp-content\/uploads\/2024\/12\/IMG_20241230_123217.jpg","width":647,"height":647},{"@type":"BreadcrumbList","@id":"https:\/\/audiofutura.fmmiradio.com\/?p=2687#breadcrumb","itemListElement":[{"@type":"ListItem","position":1,"name":"Portada","item":"https:\/\/audiofutura.fmmiradio.com\/"},{"@type":"ListItem","position":2,"name":"Reprograman el Festival del Verano en Caucete por mal tiempo"}]},{"@type":"WebSite","@id":"https:\/\/audiofutura.fmmiradio.com\/#website","url":"https:\/\/audiofutura.fmmiradio.com\/","name":"AUDIO FUTURA","description":"","potentialAction":[{"@type":"SearchAction","target":{"@type":"EntryPoint","urlTemplate":"https:\/\/audiofutura.fmmiradio.com\/?s={search_term_string}"},"query-input":{"@type":"PropertyValueSpecification","valueRequired":true,"valueName":"search_term_string"}}],"inLanguage":"es"},{"@type":"Person","@id":"https:\/\/audiofutura.fmmiradio.com\/#\/schema\/person\/bda371d1753c2e5b5dff202eaa5fa9bc","name":"futura","image":{"@type":"ImageObject","inLanguage":"es","@id":"https:\/\/audiofutura.fmmiradio.com\/#\/schema\/person\/image\/","url":"https:\/\/secure.gravatar.com\/avatar\/f6ee1541937ff3e68dac011173779bde?s=96&d=mm&r=g","contentUrl":"https:\/\/secure.gravatar.com\/avatar\/f6ee1541937ff3e68dac011173779bde?s=96&d=mm&r=g","caption":"futura"},"url":"https:\/\/audiofutura.fmmiradio.com\/?author=4"}]}},"_links":{"self":[{"href":"https:\/\/audiofutura.fmmiradio.com\/index.php?rest_route=\/wp\/v2\/posts\/2687"}],"collection":[{"href":"https:\/\/audiofutura.fmmiradio.com\/index.php?rest_route=\/wp\/v2\/posts"}],"about":[{"href":"https:\/\/audiofutura.fmmiradio.com\/index.php?rest_route=\/wp\/v2\/types\/post"}],"author":[{"embeddable":true,"href":"https:\/\/audiofutura.fmmiradio.com\/index.php?rest_route=\/wp\/v2\/users\/4"}],"replies":[{"embeddable":true,"href":"https:\/\/audiofutura.fmmiradio.com\/index.php?rest_route=%2Fwp%2Fv2%2Fcomments&post=2687"}],"version-history":[{"count":1,"href":"https:\/\/audiofutura.fmmiradio.com\/index.php?rest_route=\/wp\/v2\/posts\/2687\/revisions"}],"predecessor-version":[{"id":2688,"href":"https:\/\/audiofutura.fmmiradio.com\/index.php?rest_route=\/wp\/v2\/posts\/2687\/revisions\/2688"}],"wp:featuredmedia":[{"embeddable":true,"href":"https:\/\/audiofutura.fmmiradio.com\/index.php?rest_route=\/wp\/v2\/media\/2692"}],"wp:attachment":[{"href":"https:\/\/audiofutura.fmmiradio.com\/index.php?rest_route=%2Fwp%2Fv2%2Fmedia&parent=2687"}],"wp:term":[{"taxonomy":"category","embeddable":true,"href":"https:\/\/audiofutura.fmmiradio.com\/index.php?rest_route=%2Fwp%2Fv2%2Fcategories&post=2687"},{"taxonomy":"post_tag","embeddable":true,"href":"https:\/\/audiofutura.fmmiradio.com\/index.php?rest_route=%2Fwp%2Fv2%2Ftags&post=2687"}],"curies":[{"name":"wp","href":"https:\/\/api.w.org\/{rel}","templated":true}]}}