{"id":2573,"date":"2024-12-09T15:31:30","date_gmt":"2024-12-09T15:31:30","guid":{"rendered":"https:\/\/audiofutura.fmmiradio.com\/?p=2573"},"modified":"2024-12-09T15:31:31","modified_gmt":"2024-12-09T15:31:31","slug":"el-mensaje-de-chiqui-tapia-para-san-martin-tras-su-ascenso-a-primera-division","status":"publish","type":"post","link":"https:\/\/audiofutura.fmmiradio.com\/?p=2573","title":{"rendered":"El mensaje de \u00abChiqui\u00bb Tapia para San Mart\u00edn tras su ascenso a Primera Divisi\u00f3n"},"content":{"rendered":"\n<p>El presidente de la Asociaci\u00f3n del F\u00fatbol Argentino (AFA), Claudio \u00abChiqui\u00bb Tapia, felicit\u00f3 al Club San Mart\u00edn de San Juan por su regreso a la Primera Divisi\u00f3n del f\u00fatbol argentino. Tapia, oriundo de la provincia, destac\u00f3 a trav\u00e9s de sus redes sociales que el ascenso del equipo verdinegro fue \u00abm\u00e1s que merecido\u00bb.<\/p>\n\n\n\n<figure class=\"wp-block-embed is-type-rich is-provider-twitter wp-block-embed-twitter\"><div class=\"wp-block-embed__wrapper\">\n<blockquote class=\"twitter-tweet\" data-width=\"550\" data-dnt=\"true\"><p lang=\"es\" dir=\"ltr\">Un saludo para todos los hinchas y socios de <a href=\"https:\/\/twitter.com\/CASanMartinSJ?ref_src=twsrc%5Etfw\">@CASanMartinSJ<\/a> y felicitaciones por la vuelta a Primera Divisi\u00f3n.<br><br>Gran abrazo para Jorge Miadosqui, la Comisi\u00f3n Directiva, el plantel y todos los que fueron parte de esta campa\u00f1a.<br><br>\u00a1M\u00e1s que merecido ascenso! \ud83d\udc4f\ud83c\udffb\ud83d\udc4f\ud83c\udffb <a href=\"https:\/\/t.co\/XPz0k8rJsI\">https:\/\/t.co\/XPz0k8rJsI<\/a><\/p>&mdash; Chiqui Tapia (@tapiachiqui) <a href=\"https:\/\/twitter.com\/tapiachiqui\/status\/1865899159242334666?ref_src=twsrc%5Etfw\">December 8, 2024<\/a><\/blockquote><script async src=\"https:\/\/platform.twitter.com\/widgets.js\" charset=\"utf-8\"><\/script>\n<\/div><\/figure>\n\n\n\n<p><\/p>\n\n\n\n<p>En su mensaje, tambi\u00e9n dedic\u00f3 unas palabras a Jorge Miadosqui, presidente del club y colaborador cercano de las selecciones nacionales, resaltando su gesti\u00f3n al frente de San Mart\u00edn. Este logro marca el regreso del equipo a la m\u00e1xima categor\u00eda tras cinco a\u00f1os, luego de vencer por 2 a 0 a Gimnasia de Mendoza en un partido hist\u00f3rico.<\/p>\n\n\n\n<p><\/p>\n","protected":false},"excerpt":{"rendered":"<p>El presidente de la Asociaci\u00f3n del F\u00fatbol Argentino (AFA), Claudio \u00abChiqui\u00bb Tapia, felicit\u00f3 al Club San Mart\u00edn de San Juan por su regreso a la Primera Divisi\u00f3n del f\u00fatbol argentino. Tapia, oriundo de la provincia, destac\u00f3 a trav\u00e9s de sus redes sociales que el ascenso del equipo verdinegro fue \u00abm\u00e1s que merecido\u00bb. Un saludo para &hellip;<\/p>\n","protected":false},"author":4,"featured_media":2574,"comment_status":"open","ping_status":"open","sticky":false,"template":"","format":"standard","meta":{"footnotes":""},"categories":[78],"tags":[],"class_list":["post-2573","post","type-post","status-publish","format-standard","has-post-thumbnail","","category-espectaculos"],"yoast_head":"<!-- This site is optimized with the Yoast SEO plugin v25.6 - https:\/\/yoast.com\/wordpress\/plugins\/seo\/ -->\n<title>El mensaje de &quot;Chiqui&quot; Tapia para San Mart\u00edn tras su ascenso a Primera Divisi\u00f3n - AUDIO FUTURA<\/title>\n<meta name=\"robots\" content=\"index, follow, max-snippet:-1, max-image-preview:large, max-video-preview:-1\" \/>\n<link rel=\"canonical\" href=\"https:\/\/audiofutura.fmmiradio.com\/?p=2573\" \/>\n<meta property=\"og:locale\" content=\"es_ES\" \/>\n<meta property=\"og:type\" content=\"article\" \/>\n<meta property=\"og:title\" content=\"El mensaje de &quot;Chiqui&quot; Tapia para San Mart\u00edn tras su ascenso a Primera Divisi\u00f3n - AUDIO FUTURA\" \/>\n<meta property=\"og:description\" content=\"El presidente de la Asociaci\u00f3n del F\u00fatbol Argentino (AFA), Claudio \u00abChiqui\u00bb Tapia, felicit\u00f3 al Club San Mart\u00edn de San Juan por su regreso a la Primera Divisi\u00f3n del f\u00fatbol argentino. Tapia, oriundo de la provincia, destac\u00f3 a trav\u00e9s de sus redes sociales que el ascenso del equipo verdinegro fue \u00abm\u00e1s que merecido\u00bb. Un saludo para &hellip;\" \/>\n<meta property=\"og:url\" content=\"https:\/\/audiofutura.fmmiradio.com\/?p=2573\" \/>\n<meta property=\"og:site_name\" content=\"AUDIO FUTURA\" \/>\n<meta property=\"article:published_time\" content=\"2024-12-09T15:31:30+00:00\" \/>\n<meta property=\"article:modified_time\" content=\"2024-12-09T15:31:31+00:00\" \/>\n<meta property=\"og:image\" content=\"https:\/\/audiofutura.fmmiradio.com\/wp-content\/uploads\/2024\/12\/miadosqui-y-tapiapng.webp\" \/>\n\t<meta property=\"og:image:width\" content=\"1200\" \/>\n\t<meta property=\"og:image:height\" content=\"590\" \/>\n\t<meta property=\"og:image:type\" content=\"image\/webp\" \/>\n<meta name=\"author\" content=\"futura\" \/>\n<meta name=\"twitter:card\" content=\"summary_large_image\" \/>\n<meta name=\"twitter:label1\" content=\"Escrito por\" \/>\n\t<meta name=\"twitter:data1\" content=\"futura\" \/>\n\t<meta name=\"twitter:label2\" content=\"Tiempo de lectura\" \/>\n\t<meta name=\"twitter:data2\" content=\"1 minuto\" \/>\n<script type=\"application\/ld+json\" class=\"yoast-schema-graph\">{\"@context\":\"https:\/\/schema.org\",\"@graph\":[{\"@type\":\"WebPage\",\"@id\":\"https:\/\/audiofutura.fmmiradio.com\/?p=2573\",\"url\":\"https:\/\/audiofutura.fmmiradio.com\/?p=2573\",\"name\":\"El mensaje de \\\"Chiqui\\\" Tapia para San Mart\u00edn tras su ascenso a Primera Divisi\u00f3n - AUDIO FUTURA\",\"isPartOf\":{\"@id\":\"https:\/\/audiofutura.fmmiradio.com\/#website\"},\"primaryImageOfPage\":{\"@id\":\"https:\/\/audiofutura.fmmiradio.com\/?p=2573#primaryimage\"},\"image\":{\"@id\":\"https:\/\/audiofutura.fmmiradio.com\/?p=2573#primaryimage\"},\"thumbnailUrl\":\"https:\/\/audiofutura.fmmiradio.com\/wp-content\/uploads\/2024\/12\/miadosqui-y-tapiapng.webp\",\"datePublished\":\"2024-12-09T15:31:30+00:00\",\"dateModified\":\"2024-12-09T15:31:31+00:00\",\"author\":{\"@id\":\"https:\/\/audiofutura.fmmiradio.com\/#\/schema\/person\/bda371d1753c2e5b5dff202eaa5fa9bc\"},\"breadcrumb\":{\"@id\":\"https:\/\/audiofutura.fmmiradio.com\/?p=2573#breadcrumb\"},\"inLanguage\":\"es\",\"potentialAction\":[{\"@type\":\"ReadAction\",\"target\":[\"https:\/\/audiofutura.fmmiradio.com\/?p=2573\"]}]},{\"@type\":\"ImageObject\",\"inLanguage\":\"es\",\"@id\":\"https:\/\/audiofutura.fmmiradio.com\/?p=2573#primaryimage\",\"url\":\"https:\/\/audiofutura.fmmiradio.com\/wp-content\/uploads\/2024\/12\/miadosqui-y-tapiapng.webp\",\"contentUrl\":\"https:\/\/audiofutura.fmmiradio.com\/wp-content\/uploads\/2024\/12\/miadosqui-y-tapiapng.webp\",\"width\":1200,\"height\":590},{\"@type\":\"BreadcrumbList\",\"@id\":\"https:\/\/audiofutura.fmmiradio.com\/?p=2573#breadcrumb\",\"itemListElement\":[{\"@type\":\"ListItem\",\"position\":1,\"name\":\"Portada\",\"item\":\"https:\/\/audiofutura.fmmiradio.com\/\"},{\"@type\":\"ListItem\",\"position\":2,\"name\":\"El mensaje de \u00abChiqui\u00bb Tapia para San Mart\u00edn tras su ascenso a Primera Divisi\u00f3n\"}]},{\"@type\":\"WebSite\",\"@id\":\"https:\/\/audiofutura.fmmiradio.com\/#website\",\"url\":\"https:\/\/audiofutura.fmmiradio.com\/\",\"name\":\"AUDIO FUTURA\",\"description\":\"\",\"potentialAction\":[{\"@type\":\"SearchAction\",\"target\":{\"@type\":\"EntryPoint\",\"urlTemplate\":\"https:\/\/audiofutura.fmmiradio.com\/?s={search_term_string}\"},\"query-input\":{\"@type\":\"PropertyValueSpecification\",\"valueRequired\":true,\"valueName\":\"search_term_string\"}}],\"inLanguage\":\"es\"},{\"@type\":\"Person\",\"@id\":\"https:\/\/audiofutura.fmmiradio.com\/#\/schema\/person\/bda371d1753c2e5b5dff202eaa5fa9bc\",\"name\":\"futura\",\"image\":{\"@type\":\"ImageObject\",\"inLanguage\":\"es\",\"@id\":\"https:\/\/audiofutura.fmmiradio.com\/#\/schema\/person\/image\/\",\"url\":\"https:\/\/secure.gravatar.com\/avatar\/f6ee1541937ff3e68dac011173779bde?s=96&d=mm&r=g\",\"contentUrl\":\"https:\/\/secure.gravatar.com\/avatar\/f6ee1541937ff3e68dac011173779bde?s=96&d=mm&r=g\",\"caption\":\"futura\"},\"url\":\"https:\/\/audiofutura.fmmiradio.com\/?author=4\"}]}<\/script>\n<!-- \/ Yoast SEO plugin. -->","yoast_head_json":{"title":"El mensaje de \"Chiqui\" Tapia para San Mart\u00edn tras su ascenso a Primera Divisi\u00f3n - AUDIO FUTURA","robots":{"index":"index","follow":"follow","max-snippet":"max-snippet:-1","max-image-preview":"max-image-preview:large","max-video-preview":"max-video-preview:-1"},"canonical":"https:\/\/audiofutura.fmmiradio.com\/?p=2573","og_locale":"es_ES","og_type":"article","og_title":"El mensaje de \"Chiqui\" Tapia para San Mart\u00edn tras su ascenso a Primera Divisi\u00f3n - AUDIO FUTURA","og_description":"El presidente de la Asociaci\u00f3n del F\u00fatbol Argentino (AFA), Claudio \u00abChiqui\u00bb Tapia, felicit\u00f3 al Club San Mart\u00edn de San Juan por su regreso a la Primera Divisi\u00f3n del f\u00fatbol argentino. Tapia, oriundo de la provincia, destac\u00f3 a trav\u00e9s de sus redes sociales que el ascenso del equipo verdinegro fue \u00abm\u00e1s que merecido\u00bb. Un saludo para &hellip;","og_url":"https:\/\/audiofutura.fmmiradio.com\/?p=2573","og_site_name":"AUDIO FUTURA","article_published_time":"2024-12-09T15:31:30+00:00","article_modified_time":"2024-12-09T15:31:31+00:00","og_image":[{"width":1200,"height":590,"url":"https:\/\/audiofutura.fmmiradio.com\/wp-content\/uploads\/2024\/12\/miadosqui-y-tapiapng.webp","type":"image\/webp"}],"author":"futura","twitter_card":"summary_large_image","twitter_misc":{"Escrito por":"futura","Tiempo de lectura":"1 minuto"},"schema":{"@context":"https:\/\/schema.org","@graph":[{"@type":"WebPage","@id":"https:\/\/audiofutura.fmmiradio.com\/?p=2573","url":"https:\/\/audiofutura.fmmiradio.com\/?p=2573","name":"El mensaje de \"Chiqui\" Tapia para San Mart\u00edn tras su ascenso a Primera Divisi\u00f3n - AUDIO FUTURA","isPartOf":{"@id":"https:\/\/audiofutura.fmmiradio.com\/#website"},"primaryImageOfPage":{"@id":"https:\/\/audiofutura.fmmiradio.com\/?p=2573#primaryimage"},"image":{"@id":"https:\/\/audiofutura.fmmiradio.com\/?p=2573#primaryimage"},"thumbnailUrl":"https:\/\/audiofutura.fmmiradio.com\/wp-content\/uploads\/2024\/12\/miadosqui-y-tapiapng.webp","datePublished":"2024-12-09T15:31:30+00:00","dateModified":"2024-12-09T15:31:31+00:00","author":{"@id":"https:\/\/audiofutura.fmmiradio.com\/#\/schema\/person\/bda371d1753c2e5b5dff202eaa5fa9bc"},"breadcrumb":{"@id":"https:\/\/audiofutura.fmmiradio.com\/?p=2573#breadcrumb"},"inLanguage":"es","potentialAction":[{"@type":"ReadAction","target":["https:\/\/audiofutura.fmmiradio.com\/?p=2573"]}]},{"@type":"ImageObject","inLanguage":"es","@id":"https:\/\/audiofutura.fmmiradio.com\/?p=2573#primaryimage","url":"https:\/\/audiofutura.fmmiradio.com\/wp-content\/uploads\/2024\/12\/miadosqui-y-tapiapng.webp","contentUrl":"https:\/\/audiofutura.fmmiradio.com\/wp-content\/uploads\/2024\/12\/miadosqui-y-tapiapng.webp","width":1200,"height":590},{"@type":"BreadcrumbList","@id":"https:\/\/audiofutura.fmmiradio.com\/?p=2573#breadcrumb","itemListElement":[{"@type":"ListItem","position":1,"name":"Portada","item":"https:\/\/audiofutura.fmmiradio.com\/"},{"@type":"ListItem","position":2,"name":"El mensaje de \u00abChiqui\u00bb Tapia para San Mart\u00edn tras su ascenso a Primera Divisi\u00f3n"}]},{"@type":"WebSite","@id":"https:\/\/audiofutura.fmmiradio.com\/#website","url":"https:\/\/audiofutura.fmmiradio.com\/","name":"AUDIO FUTURA","description":"","potentialAction":[{"@type":"SearchAction","target":{"@type":"EntryPoint","urlTemplate":"https:\/\/audiofutura.fmmiradio.com\/?s={search_term_string}"},"query-input":{"@type":"PropertyValueSpecification","valueRequired":true,"valueName":"search_term_string"}}],"inLanguage":"es"},{"@type":"Person","@id":"https:\/\/audiofutura.fmmiradio.com\/#\/schema\/person\/bda371d1753c2e5b5dff202eaa5fa9bc","name":"futura","image":{"@type":"ImageObject","inLanguage":"es","@id":"https:\/\/audiofutura.fmmiradio.com\/#\/schema\/person\/image\/","url":"https:\/\/secure.gravatar.com\/avatar\/f6ee1541937ff3e68dac011173779bde?s=96&d=mm&r=g","contentUrl":"https:\/\/secure.gravatar.com\/avatar\/f6ee1541937ff3e68dac011173779bde?s=96&d=mm&r=g","caption":"futura"},"url":"https:\/\/audiofutura.fmmiradio.com\/?author=4"}]}},"_links":{"self":[{"href":"https:\/\/audiofutura.fmmiradio.com\/index.php?rest_route=\/wp\/v2\/posts\/2573"}],"collection":[{"href":"https:\/\/audiofutura.fmmiradio.com\/index.php?rest_route=\/wp\/v2\/posts"}],"about":[{"href":"https:\/\/audiofutura.fmmiradio.com\/index.php?rest_route=\/wp\/v2\/types\/post"}],"author":[{"embeddable":true,"href":"https:\/\/audiofutura.fmmiradio.com\/index.php?rest_route=\/wp\/v2\/users\/4"}],"replies":[{"embeddable":true,"href":"https:\/\/audiofutura.fmmiradio.com\/index.php?rest_route=%2Fwp%2Fv2%2Fcomments&post=2573"}],"version-history":[{"count":1,"href":"https:\/\/audiofutura.fmmiradio.com\/index.php?rest_route=\/wp\/v2\/posts\/2573\/revisions"}],"predecessor-version":[{"id":2575,"href":"https:\/\/audiofutura.fmmiradio.com\/index.php?rest_route=\/wp\/v2\/posts\/2573\/revisions\/2575"}],"wp:featuredmedia":[{"embeddable":true,"href":"https:\/\/audiofutura.fmmiradio.com\/index.php?rest_route=\/wp\/v2\/media\/2574"}],"wp:attachment":[{"href":"https:\/\/audiofutura.fmmiradio.com\/index.php?rest_route=%2Fwp%2Fv2%2Fmedia&parent=2573"}],"wp:term":[{"taxonomy":"category","embeddable":true,"href":"https:\/\/audiofutura.fmmiradio.com\/index.php?rest_route=%2Fwp%2Fv2%2Fcategories&post=2573"},{"taxonomy":"post_tag","embeddable":true,"href":"https:\/\/audiofutura.fmmiradio.com\/index.php?rest_route=%2Fwp%2Fv2%2Ftags&post=2573"}],"curies":[{"name":"wp","href":"https:\/\/api.w.org\/{rel}","templated":true}]}}