{"id":2479,"date":"2024-11-29T13:57:15","date_gmt":"2024-11-29T13:57:15","guid":{"rendered":"https:\/\/audiofutura.fmmiradio.com\/?p=2479"},"modified":"2024-11-29T13:57:17","modified_gmt":"2024-11-29T13:57:17","slug":"fallecio-lia-crucet-icono-de-la-musica-tropical-a-los-72-anos","status":"publish","type":"post","link":"https:\/\/audiofutura.fmmiradio.com\/?p=2479","title":{"rendered":"Falleci\u00f3 L\u00eda Crucet, \u00edcono de la m\u00fasica tropical, a los 72 a\u00f1os"},"content":{"rendered":"\n<p>La m\u00fasica tropical argentina est\u00e1 de luto tras el fallecimiento de <strong>L\u00eda Crucet<\/strong>, reconocida cantante y vedette, quien muri\u00f3 este jueves a los <strong>72 a\u00f1os<\/strong>. La artista atravesaba una dura batalla contra un <strong>c\u00e1ncer broncopulmonar<\/strong>, que se sum\u00f3 a los problemas de salud que ven\u00eda enfrentando en los \u00faltimos a\u00f1os.<\/p>\n\n\n\n<h4 class=\"wp-block-heading\"><strong>Un legado en la m\u00fasica tropical y el cuarteto<\/strong><\/h4>\n\n\n\n<p>Nacida el <strong>8 de agosto de 1952 en Gerli, Buenos Aires<\/strong>, L\u00eda Crucet dej\u00f3 una marca imborrable en la <strong>movida tropical<\/strong> con \u00e9xitos como <em>\u201cLa G\u00fcera Salome\u201d<\/em> y <em>\u201cQu\u00e9 Bello\u201d<\/em>. Su carrera despeg\u00f3 en los a\u00f1os 80 con su segundo \u00e1lbum, <em>La Movidita<\/em>, que la posicion\u00f3 como una de las referentes m\u00e1s destacadas del g\u00e9nero en Argentina.<\/p>\n\n\n\n<p>Antes de dedicarse a la m\u00fasica, L\u00eda trabaj\u00f3 en teatros de revista y televisi\u00f3n, donde mostr\u00f3 su talento como vedette. Sin embargo, su verdadera pasi\u00f3n la llev\u00f3 a convertirse en una figura ic\u00f3nica de la m\u00fasica tropical.<\/p>\n\n\n\n<h4 class=\"wp-block-heading\"><\/h4>\n\n\n\n<p>L\u00eda Crucet fue diagnosticada con <strong>c\u00e1ncer de \u00fatero<\/strong> en 2012, lo que implic\u00f3 una cirug\u00eda para detener el avance de la enfermedad. En 2021, enfrent\u00f3 su momento m\u00e1s cr\u00edtico: sufri\u00f3 un accidente dom\u00e9stico que le provoc\u00f3 una fractura de cadera, padeci\u00f3 una neumon\u00eda, y su salud f\u00edsica se deterior\u00f3 considerablemente, perdiendo 60 kilos.<\/p>\n\n\n\n<p>Desde fines de 2021, la cantante resid\u00eda en un geri\u00e1trico en <strong>Mar del Plata<\/strong>, donde recib\u00eda cuidados constantes debido a su delicado estado de salud. Seg\u00fan declaraciones de su hija <strong>Karina<\/strong>, L\u00eda estaba d\u00e9bil pero \u201cbien psicol\u00f3gicamente\u201d.<\/p>\n\n\n\n<p>La noticia de su muerte fue confirmada por su familia, y su hija Karina le dedic\u00f3 un emotivo mensaje en redes sociales<\/p>\n\n\n\n<blockquote class=\"wp-block-quote is-layout-flow wp-block-quote-is-layout-flow\">\n<p><\/p>\n<\/blockquote>\n","protected":false},"excerpt":{"rendered":"<p>La m\u00fasica tropical argentina est\u00e1 de luto tras el fallecimiento de L\u00eda Crucet, reconocida cantante y vedette, quien muri\u00f3 este jueves a los 72 a\u00f1os. La artista atravesaba una dura batalla contra un c\u00e1ncer broncopulmonar, que se sum\u00f3 a los problemas de salud que ven\u00eda enfrentando en los \u00faltimos a\u00f1os. Un legado en la m\u00fasica &hellip;<\/p>\n","protected":false},"author":4,"featured_media":2480,"comment_status":"open","ping_status":"open","sticky":false,"template":"","format":"standard","meta":{"footnotes":""},"categories":[78],"tags":[],"class_list":["post-2479","post","type-post","status-publish","format-standard","has-post-thumbnail","","category-espectaculos"],"yoast_head":"<!-- This site is optimized with the Yoast SEO plugin v25.6 - https:\/\/yoast.com\/wordpress\/plugins\/seo\/ -->\n<title>Falleci\u00f3 L\u00eda Crucet, \u00edcono de la m\u00fasica tropical, a los 72 a\u00f1os - AUDIO FUTURA<\/title>\n<meta name=\"robots\" content=\"index, follow, max-snippet:-1, max-image-preview:large, max-video-preview:-1\" \/>\n<link rel=\"canonical\" href=\"https:\/\/audiofutura.fmmiradio.com\/?p=2479\" \/>\n<meta property=\"og:locale\" content=\"es_ES\" \/>\n<meta property=\"og:type\" content=\"article\" \/>\n<meta property=\"og:title\" content=\"Falleci\u00f3 L\u00eda Crucet, \u00edcono de la m\u00fasica tropical, a los 72 a\u00f1os - AUDIO FUTURA\" \/>\n<meta property=\"og:description\" content=\"La m\u00fasica tropical argentina est\u00e1 de luto tras el fallecimiento de L\u00eda Crucet, reconocida cantante y vedette, quien muri\u00f3 este jueves a los 72 a\u00f1os. La artista atravesaba una dura batalla contra un c\u00e1ncer broncopulmonar, que se sum\u00f3 a los problemas de salud que ven\u00eda enfrentando en los \u00faltimos a\u00f1os. Un legado en la m\u00fasica &hellip;\" \/>\n<meta property=\"og:url\" content=\"https:\/\/audiofutura.fmmiradio.com\/?p=2479\" \/>\n<meta property=\"og:site_name\" content=\"AUDIO FUTURA\" \/>\n<meta property=\"article:published_time\" content=\"2024-11-29T13:57:15+00:00\" \/>\n<meta property=\"article:modified_time\" content=\"2024-11-29T13:57:17+00:00\" \/>\n<meta property=\"og:image\" content=\"https:\/\/audiofutura.fmmiradio.com\/wp-content\/uploads\/2024\/11\/images-1.jpg\" \/>\n\t<meta property=\"og:image:width\" content=\"280\" \/>\n\t<meta property=\"og:image:height\" content=\"180\" \/>\n\t<meta property=\"og:image:type\" content=\"image\/jpeg\" \/>\n<meta name=\"author\" content=\"futura\" \/>\n<meta name=\"twitter:card\" content=\"summary_large_image\" \/>\n<meta name=\"twitter:label1\" content=\"Escrito por\" \/>\n\t<meta name=\"twitter:data1\" content=\"futura\" \/>\n\t<meta name=\"twitter:label2\" content=\"Tiempo de lectura\" \/>\n\t<meta name=\"twitter:data2\" content=\"2 minutos\" \/>\n<script type=\"application\/ld+json\" class=\"yoast-schema-graph\">{\"@context\":\"https:\/\/schema.org\",\"@graph\":[{\"@type\":\"WebPage\",\"@id\":\"https:\/\/audiofutura.fmmiradio.com\/?p=2479\",\"url\":\"https:\/\/audiofutura.fmmiradio.com\/?p=2479\",\"name\":\"Falleci\u00f3 L\u00eda Crucet, \u00edcono de la m\u00fasica tropical, a los 72 a\u00f1os - AUDIO FUTURA\",\"isPartOf\":{\"@id\":\"https:\/\/audiofutura.fmmiradio.com\/#website\"},\"primaryImageOfPage\":{\"@id\":\"https:\/\/audiofutura.fmmiradio.com\/?p=2479#primaryimage\"},\"image\":{\"@id\":\"https:\/\/audiofutura.fmmiradio.com\/?p=2479#primaryimage\"},\"thumbnailUrl\":\"https:\/\/audiofutura.fmmiradio.com\/wp-content\/uploads\/2024\/11\/images-1.jpg\",\"datePublished\":\"2024-11-29T13:57:15+00:00\",\"dateModified\":\"2024-11-29T13:57:17+00:00\",\"author\":{\"@id\":\"https:\/\/audiofutura.fmmiradio.com\/#\/schema\/person\/bda371d1753c2e5b5dff202eaa5fa9bc\"},\"breadcrumb\":{\"@id\":\"https:\/\/audiofutura.fmmiradio.com\/?p=2479#breadcrumb\"},\"inLanguage\":\"es\",\"potentialAction\":[{\"@type\":\"ReadAction\",\"target\":[\"https:\/\/audiofutura.fmmiradio.com\/?p=2479\"]}]},{\"@type\":\"ImageObject\",\"inLanguage\":\"es\",\"@id\":\"https:\/\/audiofutura.fmmiradio.com\/?p=2479#primaryimage\",\"url\":\"https:\/\/audiofutura.fmmiradio.com\/wp-content\/uploads\/2024\/11\/images-1.jpg\",\"contentUrl\":\"https:\/\/audiofutura.fmmiradio.com\/wp-content\/uploads\/2024\/11\/images-1.jpg\",\"width\":280,\"height\":180},{\"@type\":\"BreadcrumbList\",\"@id\":\"https:\/\/audiofutura.fmmiradio.com\/?p=2479#breadcrumb\",\"itemListElement\":[{\"@type\":\"ListItem\",\"position\":1,\"name\":\"Portada\",\"item\":\"https:\/\/audiofutura.fmmiradio.com\/\"},{\"@type\":\"ListItem\",\"position\":2,\"name\":\"Falleci\u00f3 L\u00eda Crucet, \u00edcono de la m\u00fasica tropical, a los 72 a\u00f1os\"}]},{\"@type\":\"WebSite\",\"@id\":\"https:\/\/audiofutura.fmmiradio.com\/#website\",\"url\":\"https:\/\/audiofutura.fmmiradio.com\/\",\"name\":\"AUDIO FUTURA\",\"description\":\"\",\"potentialAction\":[{\"@type\":\"SearchAction\",\"target\":{\"@type\":\"EntryPoint\",\"urlTemplate\":\"https:\/\/audiofutura.fmmiradio.com\/?s={search_term_string}\"},\"query-input\":{\"@type\":\"PropertyValueSpecification\",\"valueRequired\":true,\"valueName\":\"search_term_string\"}}],\"inLanguage\":\"es\"},{\"@type\":\"Person\",\"@id\":\"https:\/\/audiofutura.fmmiradio.com\/#\/schema\/person\/bda371d1753c2e5b5dff202eaa5fa9bc\",\"name\":\"futura\",\"image\":{\"@type\":\"ImageObject\",\"inLanguage\":\"es\",\"@id\":\"https:\/\/audiofutura.fmmiradio.com\/#\/schema\/person\/image\/\",\"url\":\"https:\/\/secure.gravatar.com\/avatar\/f6ee1541937ff3e68dac011173779bde?s=96&d=mm&r=g\",\"contentUrl\":\"https:\/\/secure.gravatar.com\/avatar\/f6ee1541937ff3e68dac011173779bde?s=96&d=mm&r=g\",\"caption\":\"futura\"},\"url\":\"https:\/\/audiofutura.fmmiradio.com\/?author=4\"}]}<\/script>\n<!-- \/ Yoast SEO plugin. -->","yoast_head_json":{"title":"Falleci\u00f3 L\u00eda Crucet, \u00edcono de la m\u00fasica tropical, a los 72 a\u00f1os - AUDIO FUTURA","robots":{"index":"index","follow":"follow","max-snippet":"max-snippet:-1","max-image-preview":"max-image-preview:large","max-video-preview":"max-video-preview:-1"},"canonical":"https:\/\/audiofutura.fmmiradio.com\/?p=2479","og_locale":"es_ES","og_type":"article","og_title":"Falleci\u00f3 L\u00eda Crucet, \u00edcono de la m\u00fasica tropical, a los 72 a\u00f1os - AUDIO FUTURA","og_description":"La m\u00fasica tropical argentina est\u00e1 de luto tras el fallecimiento de L\u00eda Crucet, reconocida cantante y vedette, quien muri\u00f3 este jueves a los 72 a\u00f1os. La artista atravesaba una dura batalla contra un c\u00e1ncer broncopulmonar, que se sum\u00f3 a los problemas de salud que ven\u00eda enfrentando en los \u00faltimos a\u00f1os. Un legado en la m\u00fasica &hellip;","og_url":"https:\/\/audiofutura.fmmiradio.com\/?p=2479","og_site_name":"AUDIO FUTURA","article_published_time":"2024-11-29T13:57:15+00:00","article_modified_time":"2024-11-29T13:57:17+00:00","og_image":[{"width":280,"height":180,"url":"https:\/\/audiofutura.fmmiradio.com\/wp-content\/uploads\/2024\/11\/images-1.jpg","type":"image\/jpeg"}],"author":"futura","twitter_card":"summary_large_image","twitter_misc":{"Escrito por":"futura","Tiempo de lectura":"2 minutos"},"schema":{"@context":"https:\/\/schema.org","@graph":[{"@type":"WebPage","@id":"https:\/\/audiofutura.fmmiradio.com\/?p=2479","url":"https:\/\/audiofutura.fmmiradio.com\/?p=2479","name":"Falleci\u00f3 L\u00eda Crucet, \u00edcono de la m\u00fasica tropical, a los 72 a\u00f1os - AUDIO FUTURA","isPartOf":{"@id":"https:\/\/audiofutura.fmmiradio.com\/#website"},"primaryImageOfPage":{"@id":"https:\/\/audiofutura.fmmiradio.com\/?p=2479#primaryimage"},"image":{"@id":"https:\/\/audiofutura.fmmiradio.com\/?p=2479#primaryimage"},"thumbnailUrl":"https:\/\/audiofutura.fmmiradio.com\/wp-content\/uploads\/2024\/11\/images-1.jpg","datePublished":"2024-11-29T13:57:15+00:00","dateModified":"2024-11-29T13:57:17+00:00","author":{"@id":"https:\/\/audiofutura.fmmiradio.com\/#\/schema\/person\/bda371d1753c2e5b5dff202eaa5fa9bc"},"breadcrumb":{"@id":"https:\/\/audiofutura.fmmiradio.com\/?p=2479#breadcrumb"},"inLanguage":"es","potentialAction":[{"@type":"ReadAction","target":["https:\/\/audiofutura.fmmiradio.com\/?p=2479"]}]},{"@type":"ImageObject","inLanguage":"es","@id":"https:\/\/audiofutura.fmmiradio.com\/?p=2479#primaryimage","url":"https:\/\/audiofutura.fmmiradio.com\/wp-content\/uploads\/2024\/11\/images-1.jpg","contentUrl":"https:\/\/audiofutura.fmmiradio.com\/wp-content\/uploads\/2024\/11\/images-1.jpg","width":280,"height":180},{"@type":"BreadcrumbList","@id":"https:\/\/audiofutura.fmmiradio.com\/?p=2479#breadcrumb","itemListElement":[{"@type":"ListItem","position":1,"name":"Portada","item":"https:\/\/audiofutura.fmmiradio.com\/"},{"@type":"ListItem","position":2,"name":"Falleci\u00f3 L\u00eda Crucet, \u00edcono de la m\u00fasica tropical, a los 72 a\u00f1os"}]},{"@type":"WebSite","@id":"https:\/\/audiofutura.fmmiradio.com\/#website","url":"https:\/\/audiofutura.fmmiradio.com\/","name":"AUDIO FUTURA","description":"","potentialAction":[{"@type":"SearchAction","target":{"@type":"EntryPoint","urlTemplate":"https:\/\/audiofutura.fmmiradio.com\/?s={search_term_string}"},"query-input":{"@type":"PropertyValueSpecification","valueRequired":true,"valueName":"search_term_string"}}],"inLanguage":"es"},{"@type":"Person","@id":"https:\/\/audiofutura.fmmiradio.com\/#\/schema\/person\/bda371d1753c2e5b5dff202eaa5fa9bc","name":"futura","image":{"@type":"ImageObject","inLanguage":"es","@id":"https:\/\/audiofutura.fmmiradio.com\/#\/schema\/person\/image\/","url":"https:\/\/secure.gravatar.com\/avatar\/f6ee1541937ff3e68dac011173779bde?s=96&d=mm&r=g","contentUrl":"https:\/\/secure.gravatar.com\/avatar\/f6ee1541937ff3e68dac011173779bde?s=96&d=mm&r=g","caption":"futura"},"url":"https:\/\/audiofutura.fmmiradio.com\/?author=4"}]}},"_links":{"self":[{"href":"https:\/\/audiofutura.fmmiradio.com\/index.php?rest_route=\/wp\/v2\/posts\/2479"}],"collection":[{"href":"https:\/\/audiofutura.fmmiradio.com\/index.php?rest_route=\/wp\/v2\/posts"}],"about":[{"href":"https:\/\/audiofutura.fmmiradio.com\/index.php?rest_route=\/wp\/v2\/types\/post"}],"author":[{"embeddable":true,"href":"https:\/\/audiofutura.fmmiradio.com\/index.php?rest_route=\/wp\/v2\/users\/4"}],"replies":[{"embeddable":true,"href":"https:\/\/audiofutura.fmmiradio.com\/index.php?rest_route=%2Fwp%2Fv2%2Fcomments&post=2479"}],"version-history":[{"count":1,"href":"https:\/\/audiofutura.fmmiradio.com\/index.php?rest_route=\/wp\/v2\/posts\/2479\/revisions"}],"predecessor-version":[{"id":2481,"href":"https:\/\/audiofutura.fmmiradio.com\/index.php?rest_route=\/wp\/v2\/posts\/2479\/revisions\/2481"}],"wp:featuredmedia":[{"embeddable":true,"href":"https:\/\/audiofutura.fmmiradio.com\/index.php?rest_route=\/wp\/v2\/media\/2480"}],"wp:attachment":[{"href":"https:\/\/audiofutura.fmmiradio.com\/index.php?rest_route=%2Fwp%2Fv2%2Fmedia&parent=2479"}],"wp:term":[{"taxonomy":"category","embeddable":true,"href":"https:\/\/audiofutura.fmmiradio.com\/index.php?rest_route=%2Fwp%2Fv2%2Fcategories&post=2479"},{"taxonomy":"post_tag","embeddable":true,"href":"https:\/\/audiofutura.fmmiradio.com\/index.php?rest_route=%2Fwp%2Fv2%2Ftags&post=2479"}],"curies":[{"name":"wp","href":"https:\/\/api.w.org\/{rel}","templated":true}]}}