{"id":2467,"date":"2024-11-27T14:49:19","date_gmt":"2024-11-27T14:49:19","guid":{"rendered":"https:\/\/audiofutura.fmmiradio.com\/?p=2467"},"modified":"2024-11-27T14:49:21","modified_gmt":"2024-11-27T14:49:21","slug":"polemica-en-el-monumental-taparon-el-escudo-de-river-por-la-final-de-la-libertadores","status":"publish","type":"post","link":"https:\/\/audiofutura.fmmiradio.com\/?p=2467","title":{"rendered":"Pol\u00e9mica en el Monumental: taparon el escudo de River por la final de la Libertadores"},"content":{"rendered":"\n<p><strong>En la previa de la final de la Copa Libertadores 2024 entre Atl\u00e9tico Mineiro y Botafogo, el estadio Monumental, sede del partido, se convirti\u00f3 en el foco de una controversia. Los hinchas de River Plate expresaron su descontento al ver el escudo del club tapado con una tela negra, cumpliendo con el reglamento de la Conmebol para eventos internacionales.<\/strong><\/p>\n\n\n\n<h4 class=\"wp-block-heading has-medium-font-size\"><strong><em>El reglamento que desat\u00f3 la bronca<\/em><\/strong><\/h4>\n\n\n\n<p>Seg\u00fan las normativas de la <strong>Conmebol<\/strong>, \u00aben el caso de que se dispute el partido en un estadio no propio, es necesario cubrir los logos institucionales del equipo due\u00f1o del estadio\u00bb. Esta medida busca garantizar la neutralidad del recinto en competencias internacionales. Sin embargo, para los hinchas millonarios, el escudo de River es parte inseparable de la identidad del estadio y la decisi\u00f3n gener\u00f3 indignaci\u00f3n en redes sociales.<\/p>\n\n\n\n<p>A pesar de la controversia, la cesi\u00f3n del Monumental por diez d\u00edas a la Conmebol represent\u00f3 un beneficio econ\u00f3mico importante para River. Seg\u00fan se inform\u00f3 en la \u00faltima reuni\u00f3n de la Comisi\u00f3n Directiva, el club recibi\u00f3 <strong>1.500.000 d\u00f3lares<\/strong> por permitir que la final se dispute en su estadio.<\/p>\n\n\n\n<p>El estadio Monumental, que ha sido renovado recientemente y es considerado uno de los mejores de Sudam\u00e9rica, fue elegido como sede para el evento m\u00e1s importante del f\u00fatbol continental de clubes. A pesar de la pol\u00e9mica, el partido entre los equipos brasile\u00f1os promete una jornada hist\u00f3rica para el f\u00fatbol de la regi\u00f3n.<\/p>\n\n\n\n<p>Aunque la decisi\u00f3n de tapar el escudo gener\u00f3 molestia entre los fan\u00e1ticos, el evento demuestra el prestigio que el Monumental tiene a nivel internacional. Sin embargo, para los hinchas millonarios, el s\u00edmbolo de River en su casa es mucho m\u00e1s que un emblema: es un orgullo que ni siquiera el reglamento de la Conmebol puede opacar.<\/p>\n","protected":false},"excerpt":{"rendered":"<p>En la previa de la final de la Copa Libertadores 2024 entre Atl\u00e9tico Mineiro y Botafogo, el estadio Monumental, sede del partido, se convirti\u00f3 en el foco de una controversia. Los hinchas de River Plate expresaron su descontento al ver el escudo del club tapado con una tela negra, cumpliendo con el reglamento de la &hellip;<\/p>\n","protected":false},"author":4,"featured_media":2468,"comment_status":"open","ping_status":"open","sticky":false,"template":"","format":"standard","meta":{"footnotes":""},"categories":[78],"tags":[],"class_list":["post-2467","post","type-post","status-publish","format-standard","has-post-thumbnail","","category-espectaculos"],"yoast_head":"<!-- This site is optimized with the Yoast SEO plugin v25.6 - https:\/\/yoast.com\/wordpress\/plugins\/seo\/ -->\n<title>Pol\u00e9mica en el Monumental: taparon el escudo de River por la final de la Libertadores - AUDIO FUTURA<\/title>\n<meta name=\"robots\" content=\"index, follow, max-snippet:-1, max-image-preview:large, max-video-preview:-1\" \/>\n<link rel=\"canonical\" href=\"https:\/\/audiofutura.fmmiradio.com\/?p=2467\" \/>\n<meta property=\"og:locale\" content=\"es_ES\" \/>\n<meta property=\"og:type\" content=\"article\" \/>\n<meta property=\"og:title\" content=\"Pol\u00e9mica en el Monumental: taparon el escudo de River por la final de la Libertadores - AUDIO FUTURA\" \/>\n<meta property=\"og:description\" content=\"En la previa de la final de la Copa Libertadores 2024 entre Atl\u00e9tico Mineiro y Botafogo, el estadio Monumental, sede del partido, se convirti\u00f3 en el foco de una controversia. Los hinchas de River Plate expresaron su descontento al ver el escudo del club tapado con una tela negra, cumpliendo con el reglamento de la &hellip;\" \/>\n<meta property=\"og:url\" content=\"https:\/\/audiofutura.fmmiradio.com\/?p=2467\" \/>\n<meta property=\"og:site_name\" content=\"AUDIO FUTURA\" \/>\n<meta property=\"article:published_time\" content=\"2024-11-27T14:49:19+00:00\" \/>\n<meta property=\"article:modified_time\" content=\"2024-11-27T14:49:21+00:00\" \/>\n<meta property=\"og:image\" content=\"https:\/\/audiofutura.fmmiradio.com\/wp-content\/uploads\/2024\/11\/yOu2K5UTO_1290x760__1.jpg\" \/>\n\t<meta property=\"og:image:width\" content=\"1290\" \/>\n\t<meta property=\"og:image:height\" content=\"760\" \/>\n\t<meta property=\"og:image:type\" content=\"image\/jpeg\" \/>\n<meta name=\"author\" content=\"futura\" \/>\n<meta name=\"twitter:card\" content=\"summary_large_image\" \/>\n<meta name=\"twitter:label1\" content=\"Escrito por\" \/>\n\t<meta name=\"twitter:data1\" content=\"futura\" \/>\n\t<meta name=\"twitter:label2\" content=\"Tiempo de lectura\" \/>\n\t<meta name=\"twitter:data2\" content=\"2 minutos\" \/>\n<script type=\"application\/ld+json\" class=\"yoast-schema-graph\">{\"@context\":\"https:\/\/schema.org\",\"@graph\":[{\"@type\":\"WebPage\",\"@id\":\"https:\/\/audiofutura.fmmiradio.com\/?p=2467\",\"url\":\"https:\/\/audiofutura.fmmiradio.com\/?p=2467\",\"name\":\"Pol\u00e9mica en el Monumental: taparon el escudo de River por la final de la Libertadores - AUDIO FUTURA\",\"isPartOf\":{\"@id\":\"https:\/\/audiofutura.fmmiradio.com\/#website\"},\"primaryImageOfPage\":{\"@id\":\"https:\/\/audiofutura.fmmiradio.com\/?p=2467#primaryimage\"},\"image\":{\"@id\":\"https:\/\/audiofutura.fmmiradio.com\/?p=2467#primaryimage\"},\"thumbnailUrl\":\"https:\/\/audiofutura.fmmiradio.com\/wp-content\/uploads\/2024\/11\/yOu2K5UTO_1290x760__1.jpg\",\"datePublished\":\"2024-11-27T14:49:19+00:00\",\"dateModified\":\"2024-11-27T14:49:21+00:00\",\"author\":{\"@id\":\"https:\/\/audiofutura.fmmiradio.com\/#\/schema\/person\/bda371d1753c2e5b5dff202eaa5fa9bc\"},\"breadcrumb\":{\"@id\":\"https:\/\/audiofutura.fmmiradio.com\/?p=2467#breadcrumb\"},\"inLanguage\":\"es\",\"potentialAction\":[{\"@type\":\"ReadAction\",\"target\":[\"https:\/\/audiofutura.fmmiradio.com\/?p=2467\"]}]},{\"@type\":\"ImageObject\",\"inLanguage\":\"es\",\"@id\":\"https:\/\/audiofutura.fmmiradio.com\/?p=2467#primaryimage\",\"url\":\"https:\/\/audiofutura.fmmiradio.com\/wp-content\/uploads\/2024\/11\/yOu2K5UTO_1290x760__1.jpg\",\"contentUrl\":\"https:\/\/audiofutura.fmmiradio.com\/wp-content\/uploads\/2024\/11\/yOu2K5UTO_1290x760__1.jpg\",\"width\":1290,\"height\":760},{\"@type\":\"BreadcrumbList\",\"@id\":\"https:\/\/audiofutura.fmmiradio.com\/?p=2467#breadcrumb\",\"itemListElement\":[{\"@type\":\"ListItem\",\"position\":1,\"name\":\"Portada\",\"item\":\"https:\/\/audiofutura.fmmiradio.com\/\"},{\"@type\":\"ListItem\",\"position\":2,\"name\":\"Pol\u00e9mica en el Monumental: taparon el escudo de River por la final de la Libertadores\"}]},{\"@type\":\"WebSite\",\"@id\":\"https:\/\/audiofutura.fmmiradio.com\/#website\",\"url\":\"https:\/\/audiofutura.fmmiradio.com\/\",\"name\":\"AUDIO FUTURA\",\"description\":\"\",\"potentialAction\":[{\"@type\":\"SearchAction\",\"target\":{\"@type\":\"EntryPoint\",\"urlTemplate\":\"https:\/\/audiofutura.fmmiradio.com\/?s={search_term_string}\"},\"query-input\":{\"@type\":\"PropertyValueSpecification\",\"valueRequired\":true,\"valueName\":\"search_term_string\"}}],\"inLanguage\":\"es\"},{\"@type\":\"Person\",\"@id\":\"https:\/\/audiofutura.fmmiradio.com\/#\/schema\/person\/bda371d1753c2e5b5dff202eaa5fa9bc\",\"name\":\"futura\",\"image\":{\"@type\":\"ImageObject\",\"inLanguage\":\"es\",\"@id\":\"https:\/\/audiofutura.fmmiradio.com\/#\/schema\/person\/image\/\",\"url\":\"https:\/\/secure.gravatar.com\/avatar\/f6ee1541937ff3e68dac011173779bde?s=96&d=mm&r=g\",\"contentUrl\":\"https:\/\/secure.gravatar.com\/avatar\/f6ee1541937ff3e68dac011173779bde?s=96&d=mm&r=g\",\"caption\":\"futura\"},\"url\":\"https:\/\/audiofutura.fmmiradio.com\/?author=4\"}]}<\/script>\n<!-- \/ Yoast SEO plugin. -->","yoast_head_json":{"title":"Pol\u00e9mica en el Monumental: taparon el escudo de River por la final de la Libertadores - AUDIO FUTURA","robots":{"index":"index","follow":"follow","max-snippet":"max-snippet:-1","max-image-preview":"max-image-preview:large","max-video-preview":"max-video-preview:-1"},"canonical":"https:\/\/audiofutura.fmmiradio.com\/?p=2467","og_locale":"es_ES","og_type":"article","og_title":"Pol\u00e9mica en el Monumental: taparon el escudo de River por la final de la Libertadores - AUDIO FUTURA","og_description":"En la previa de la final de la Copa Libertadores 2024 entre Atl\u00e9tico Mineiro y Botafogo, el estadio Monumental, sede del partido, se convirti\u00f3 en el foco de una controversia. Los hinchas de River Plate expresaron su descontento al ver el escudo del club tapado con una tela negra, cumpliendo con el reglamento de la &hellip;","og_url":"https:\/\/audiofutura.fmmiradio.com\/?p=2467","og_site_name":"AUDIO FUTURA","article_published_time":"2024-11-27T14:49:19+00:00","article_modified_time":"2024-11-27T14:49:21+00:00","og_image":[{"width":1290,"height":760,"url":"https:\/\/audiofutura.fmmiradio.com\/wp-content\/uploads\/2024\/11\/yOu2K5UTO_1290x760__1.jpg","type":"image\/jpeg"}],"author":"futura","twitter_card":"summary_large_image","twitter_misc":{"Escrito por":"futura","Tiempo de lectura":"2 minutos"},"schema":{"@context":"https:\/\/schema.org","@graph":[{"@type":"WebPage","@id":"https:\/\/audiofutura.fmmiradio.com\/?p=2467","url":"https:\/\/audiofutura.fmmiradio.com\/?p=2467","name":"Pol\u00e9mica en el Monumental: taparon el escudo de River por la final de la Libertadores - AUDIO FUTURA","isPartOf":{"@id":"https:\/\/audiofutura.fmmiradio.com\/#website"},"primaryImageOfPage":{"@id":"https:\/\/audiofutura.fmmiradio.com\/?p=2467#primaryimage"},"image":{"@id":"https:\/\/audiofutura.fmmiradio.com\/?p=2467#primaryimage"},"thumbnailUrl":"https:\/\/audiofutura.fmmiradio.com\/wp-content\/uploads\/2024\/11\/yOu2K5UTO_1290x760__1.jpg","datePublished":"2024-11-27T14:49:19+00:00","dateModified":"2024-11-27T14:49:21+00:00","author":{"@id":"https:\/\/audiofutura.fmmiradio.com\/#\/schema\/person\/bda371d1753c2e5b5dff202eaa5fa9bc"},"breadcrumb":{"@id":"https:\/\/audiofutura.fmmiradio.com\/?p=2467#breadcrumb"},"inLanguage":"es","potentialAction":[{"@type":"ReadAction","target":["https:\/\/audiofutura.fmmiradio.com\/?p=2467"]}]},{"@type":"ImageObject","inLanguage":"es","@id":"https:\/\/audiofutura.fmmiradio.com\/?p=2467#primaryimage","url":"https:\/\/audiofutura.fmmiradio.com\/wp-content\/uploads\/2024\/11\/yOu2K5UTO_1290x760__1.jpg","contentUrl":"https:\/\/audiofutura.fmmiradio.com\/wp-content\/uploads\/2024\/11\/yOu2K5UTO_1290x760__1.jpg","width":1290,"height":760},{"@type":"BreadcrumbList","@id":"https:\/\/audiofutura.fmmiradio.com\/?p=2467#breadcrumb","itemListElement":[{"@type":"ListItem","position":1,"name":"Portada","item":"https:\/\/audiofutura.fmmiradio.com\/"},{"@type":"ListItem","position":2,"name":"Pol\u00e9mica en el Monumental: taparon el escudo de River por la final de la Libertadores"}]},{"@type":"WebSite","@id":"https:\/\/audiofutura.fmmiradio.com\/#website","url":"https:\/\/audiofutura.fmmiradio.com\/","name":"AUDIO FUTURA","description":"","potentialAction":[{"@type":"SearchAction","target":{"@type":"EntryPoint","urlTemplate":"https:\/\/audiofutura.fmmiradio.com\/?s={search_term_string}"},"query-input":{"@type":"PropertyValueSpecification","valueRequired":true,"valueName":"search_term_string"}}],"inLanguage":"es"},{"@type":"Person","@id":"https:\/\/audiofutura.fmmiradio.com\/#\/schema\/person\/bda371d1753c2e5b5dff202eaa5fa9bc","name":"futura","image":{"@type":"ImageObject","inLanguage":"es","@id":"https:\/\/audiofutura.fmmiradio.com\/#\/schema\/person\/image\/","url":"https:\/\/secure.gravatar.com\/avatar\/f6ee1541937ff3e68dac011173779bde?s=96&d=mm&r=g","contentUrl":"https:\/\/secure.gravatar.com\/avatar\/f6ee1541937ff3e68dac011173779bde?s=96&d=mm&r=g","caption":"futura"},"url":"https:\/\/audiofutura.fmmiradio.com\/?author=4"}]}},"_links":{"self":[{"href":"https:\/\/audiofutura.fmmiradio.com\/index.php?rest_route=\/wp\/v2\/posts\/2467"}],"collection":[{"href":"https:\/\/audiofutura.fmmiradio.com\/index.php?rest_route=\/wp\/v2\/posts"}],"about":[{"href":"https:\/\/audiofutura.fmmiradio.com\/index.php?rest_route=\/wp\/v2\/types\/post"}],"author":[{"embeddable":true,"href":"https:\/\/audiofutura.fmmiradio.com\/index.php?rest_route=\/wp\/v2\/users\/4"}],"replies":[{"embeddable":true,"href":"https:\/\/audiofutura.fmmiradio.com\/index.php?rest_route=%2Fwp%2Fv2%2Fcomments&post=2467"}],"version-history":[{"count":1,"href":"https:\/\/audiofutura.fmmiradio.com\/index.php?rest_route=\/wp\/v2\/posts\/2467\/revisions"}],"predecessor-version":[{"id":2469,"href":"https:\/\/audiofutura.fmmiradio.com\/index.php?rest_route=\/wp\/v2\/posts\/2467\/revisions\/2469"}],"wp:featuredmedia":[{"embeddable":true,"href":"https:\/\/audiofutura.fmmiradio.com\/index.php?rest_route=\/wp\/v2\/media\/2468"}],"wp:attachment":[{"href":"https:\/\/audiofutura.fmmiradio.com\/index.php?rest_route=%2Fwp%2Fv2%2Fmedia&parent=2467"}],"wp:term":[{"taxonomy":"category","embeddable":true,"href":"https:\/\/audiofutura.fmmiradio.com\/index.php?rest_route=%2Fwp%2Fv2%2Fcategories&post=2467"},{"taxonomy":"post_tag","embeddable":true,"href":"https:\/\/audiofutura.fmmiradio.com\/index.php?rest_route=%2Fwp%2Fv2%2Ftags&post=2467"}],"curies":[{"name":"wp","href":"https:\/\/api.w.org\/{rel}","templated":true}]}}