{"id":2404,"date":"2024-11-21T14:40:52","date_gmt":"2024-11-21T14:40:52","guid":{"rendered":"https:\/\/audiofutura.fmmiradio.com\/?p=2404"},"modified":"2024-11-21T14:41:38","modified_gmt":"2024-11-21T14:41:38","slug":"nick-vujicic-inspiro-a-san-juan-con-su-mensaje-de-superacion-acompanado-por-autoridades-provinciales","status":"publish","type":"post","link":"https:\/\/audiofutura.fmmiradio.com\/?p=2404","title":{"rendered":"Nick Vujicic inspir\u00f3 a San Juan con su mensaje de superaci\u00f3n"},"content":{"rendered":"\n<p>El pasado 19 de noviembre, el reconocido conferencista motivacional internacional, Nick Vujicic, cautiv\u00f3 a San Juan con su historia de vida y su mensaje de esperanza. El estadio Aldo Cantoni se llen\u00f3 de personas que se congregaron para escuchar al hombre que naci\u00f3 sin brazos ni piernas, pero que logr\u00f3 convertir su discapacidad en una fuente de inspiraci\u00f3n para millones alrededor del mundo.<\/p>\n\n\n\n<p>Vujicic, quien ya hab\u00eda visitado Argentina en 2013, regres\u00f3 a la provincia para compartir su testimonio de vida y su fe inquebrantable. \u00abSi Dios puede usar a un hombre sin brazos ni piernas para ser sus manos y pies, entonces ciertamente usar\u00e1 cualquier coraz\u00f3n dispuesto\u00bb, afirm\u00f3 el conferencista.<\/p>\n\n\n\n<figure class=\"wp-block-image size-large\"><img loading=\"lazy\" decoding=\"async\" width=\"1024\" height=\"683\" src=\"https:\/\/audiofutura.fmmiradio.com\/wp-content\/uploads\/2024\/11\/467672642_1064125962178604_6826370115852575230_n-1024x683.jpg\" alt=\"\" class=\"wp-image-2407\" srcset=\"https:\/\/audiofutura.fmmiradio.com\/wp-content\/uploads\/2024\/11\/467672642_1064125962178604_6826370115852575230_n-1024x683.jpg 1024w, https:\/\/audiofutura.fmmiradio.com\/wp-content\/uploads\/2024\/11\/467672642_1064125962178604_6826370115852575230_n-300x200.jpg 300w, https:\/\/audiofutura.fmmiradio.com\/wp-content\/uploads\/2024\/11\/467672642_1064125962178604_6826370115852575230_n-768x512.jpg 768w, https:\/\/audiofutura.fmmiradio.com\/wp-content\/uploads\/2024\/11\/467672642_1064125962178604_6826370115852575230_n.jpg 1440w\" sizes=\"(max-width: 1024px) 100vw, 1024px\" \/><\/figure>\n\n\n\n<p><\/p>\n\n\n\n<p>Nacido en 1982 en Melbourne (Australia), Nick desafi\u00f3 las expectativas desde su nacimiento. A pesar de las dificultades que enfrent\u00f3, su familia lo apoy\u00f3 incondicionalmente y lo ayud\u00f3 a desarrollar su fuerza y pasi\u00f3n por la vida.<\/p>\n\n\n\n<p>Su fe en Dios, seg\u00fan \u00e9l mismo, fue fundamental para superar las adversidades. Su familia, amigos y las personas que ha conocido a lo largo de su camino lo inspiraron a seguir adelante.<\/p>\n\n\n\n<p>Desde su primera conferencia a los 19 a\u00f1os, Nick ha viajado por todo el mundo, compartiendo su historia con millones de personas de diferentes culturas. Hoy en d\u00eda, es autor, m\u00fasico, actor y disfruta de actividades como la pesca, la pintura y la nataci\u00f3n.<\/p>\n\n\n\n<figure class=\"wp-block-image size-large\"><img loading=\"lazy\" decoding=\"async\" width=\"1024\" height=\"683\" src=\"https:\/\/audiofutura.fmmiradio.com\/wp-content\/uploads\/2024\/11\/466682677_1064125972178603_2818163058028804556_n-1024x683.jpg\" alt=\"\" class=\"wp-image-2406\" srcset=\"https:\/\/audiofutura.fmmiradio.com\/wp-content\/uploads\/2024\/11\/466682677_1064125972178603_2818163058028804556_n-1024x683.jpg 1024w, https:\/\/audiofutura.fmmiradio.com\/wp-content\/uploads\/2024\/11\/466682677_1064125972178603_2818163058028804556_n-300x200.jpg 300w, https:\/\/audiofutura.fmmiradio.com\/wp-content\/uploads\/2024\/11\/466682677_1064125972178603_2818163058028804556_n-768x512.jpg 768w, https:\/\/audiofutura.fmmiradio.com\/wp-content\/uploads\/2024\/11\/466682677_1064125972178603_2818163058028804556_n.jpg 1440w\" sizes=\"(max-width: 1024px) 100vw, 1024px\" \/><\/figure>\n\n\n\n<p>La Intendente de Caucete, Romina Rosas, junto a otros intendentes de la provincia, estuvieron presentes en el evento principal, donde Nick Vujicic comparti\u00f3 su inspiradora historia. La Intendente Rosas le entreg\u00f3 una placa que refleja un reconocimiento de inter\u00e9s cultural, destacando la importancia de su mensaje de superaci\u00f3n para la comunidad Caucetera y sanjuanina.<\/p>\n\n\n\n<p>Su visita a San Juan dej\u00f3 una huella imborrable en la provincia, recordando a la comunidad que la superaci\u00f3n personal es posible, incluso en las circunstancias m\u00e1s desafiantes.<\/p>\n","protected":false},"excerpt":{"rendered":"<p>El pasado 19 de noviembre, el reconocido conferencista motivacional internacional, Nick Vujicic, cautiv\u00f3 a San Juan con su historia de vida y su mensaje de esperanza. El estadio Aldo Cantoni se llen\u00f3 de personas que se congregaron para escuchar al hombre que naci\u00f3 sin brazos ni piernas, pero que logr\u00f3 convertir su discapacidad en una &hellip;<\/p>\n","protected":false},"author":4,"featured_media":2405,"comment_status":"open","ping_status":"open","sticky":false,"template":"","format":"standard","meta":{"footnotes":""},"categories":[78,69],"tags":[],"class_list":["post-2404","post","type-post","status-publish","format-standard","has-post-thumbnail","","category-espectaculos","category-san-juan"],"yoast_head":"<!-- This site is optimized with the Yoast SEO plugin v25.6 - https:\/\/yoast.com\/wordpress\/plugins\/seo\/ -->\n<title>Nick Vujicic inspir\u00f3 a San Juan con su mensaje de superaci\u00f3n - AUDIO FUTURA<\/title>\n<meta name=\"robots\" content=\"index, follow, max-snippet:-1, max-image-preview:large, max-video-preview:-1\" \/>\n<link rel=\"canonical\" href=\"https:\/\/audiofutura.fmmiradio.com\/?p=2404\" \/>\n<meta property=\"og:locale\" content=\"es_ES\" \/>\n<meta property=\"og:type\" content=\"article\" \/>\n<meta property=\"og:title\" content=\"Nick Vujicic inspir\u00f3 a San Juan con su mensaje de superaci\u00f3n - AUDIO FUTURA\" \/>\n<meta property=\"og:description\" content=\"El pasado 19 de noviembre, el reconocido conferencista motivacional internacional, Nick Vujicic, cautiv\u00f3 a San Juan con su historia de vida y su mensaje de esperanza. El estadio Aldo Cantoni se llen\u00f3 de personas que se congregaron para escuchar al hombre que naci\u00f3 sin brazos ni piernas, pero que logr\u00f3 convertir su discapacidad en una &hellip;\" \/>\n<meta property=\"og:url\" content=\"https:\/\/audiofutura.fmmiradio.com\/?p=2404\" \/>\n<meta property=\"og:site_name\" content=\"AUDIO FUTURA\" \/>\n<meta property=\"article:published_time\" content=\"2024-11-21T14:40:52+00:00\" \/>\n<meta property=\"article:modified_time\" content=\"2024-11-21T14:41:38+00:00\" \/>\n<meta property=\"og:image\" content=\"https:\/\/audiofutura.fmmiradio.com\/wp-content\/uploads\/2024\/11\/466922621_1064125975511936_3198651576716083825_n.jpg\" \/>\n\t<meta property=\"og:image:width\" content=\"1440\" \/>\n\t<meta property=\"og:image:height\" content=\"960\" \/>\n\t<meta property=\"og:image:type\" content=\"image\/jpeg\" \/>\n<meta name=\"author\" content=\"futura\" \/>\n<meta name=\"twitter:card\" content=\"summary_large_image\" \/>\n<meta name=\"twitter:label1\" content=\"Escrito por\" \/>\n\t<meta name=\"twitter:data1\" content=\"futura\" \/>\n\t<meta name=\"twitter:label2\" content=\"Tiempo de lectura\" \/>\n\t<meta name=\"twitter:data2\" content=\"3 minutos\" \/>\n<script type=\"application\/ld+json\" class=\"yoast-schema-graph\">{\"@context\":\"https:\/\/schema.org\",\"@graph\":[{\"@type\":\"WebPage\",\"@id\":\"https:\/\/audiofutura.fmmiradio.com\/?p=2404\",\"url\":\"https:\/\/audiofutura.fmmiradio.com\/?p=2404\",\"name\":\"Nick Vujicic inspir\u00f3 a San Juan con su mensaje de superaci\u00f3n - AUDIO FUTURA\",\"isPartOf\":{\"@id\":\"https:\/\/audiofutura.fmmiradio.com\/#website\"},\"primaryImageOfPage\":{\"@id\":\"https:\/\/audiofutura.fmmiradio.com\/?p=2404#primaryimage\"},\"image\":{\"@id\":\"https:\/\/audiofutura.fmmiradio.com\/?p=2404#primaryimage\"},\"thumbnailUrl\":\"https:\/\/audiofutura.fmmiradio.com\/wp-content\/uploads\/2024\/11\/466922621_1064125975511936_3198651576716083825_n.jpg\",\"datePublished\":\"2024-11-21T14:40:52+00:00\",\"dateModified\":\"2024-11-21T14:41:38+00:00\",\"author\":{\"@id\":\"https:\/\/audiofutura.fmmiradio.com\/#\/schema\/person\/bda371d1753c2e5b5dff202eaa5fa9bc\"},\"breadcrumb\":{\"@id\":\"https:\/\/audiofutura.fmmiradio.com\/?p=2404#breadcrumb\"},\"inLanguage\":\"es\",\"potentialAction\":[{\"@type\":\"ReadAction\",\"target\":[\"https:\/\/audiofutura.fmmiradio.com\/?p=2404\"]}]},{\"@type\":\"ImageObject\",\"inLanguage\":\"es\",\"@id\":\"https:\/\/audiofutura.fmmiradio.com\/?p=2404#primaryimage\",\"url\":\"https:\/\/audiofutura.fmmiradio.com\/wp-content\/uploads\/2024\/11\/466922621_1064125975511936_3198651576716083825_n.jpg\",\"contentUrl\":\"https:\/\/audiofutura.fmmiradio.com\/wp-content\/uploads\/2024\/11\/466922621_1064125975511936_3198651576716083825_n.jpg\",\"width\":1440,\"height\":960},{\"@type\":\"BreadcrumbList\",\"@id\":\"https:\/\/audiofutura.fmmiradio.com\/?p=2404#breadcrumb\",\"itemListElement\":[{\"@type\":\"ListItem\",\"position\":1,\"name\":\"Portada\",\"item\":\"https:\/\/audiofutura.fmmiradio.com\/\"},{\"@type\":\"ListItem\",\"position\":2,\"name\":\"Nick Vujicic inspir\u00f3 a San Juan con su mensaje de superaci\u00f3n\"}]},{\"@type\":\"WebSite\",\"@id\":\"https:\/\/audiofutura.fmmiradio.com\/#website\",\"url\":\"https:\/\/audiofutura.fmmiradio.com\/\",\"name\":\"AUDIO FUTURA\",\"description\":\"\",\"potentialAction\":[{\"@type\":\"SearchAction\",\"target\":{\"@type\":\"EntryPoint\",\"urlTemplate\":\"https:\/\/audiofutura.fmmiradio.com\/?s={search_term_string}\"},\"query-input\":{\"@type\":\"PropertyValueSpecification\",\"valueRequired\":true,\"valueName\":\"search_term_string\"}}],\"inLanguage\":\"es\"},{\"@type\":\"Person\",\"@id\":\"https:\/\/audiofutura.fmmiradio.com\/#\/schema\/person\/bda371d1753c2e5b5dff202eaa5fa9bc\",\"name\":\"futura\",\"image\":{\"@type\":\"ImageObject\",\"inLanguage\":\"es\",\"@id\":\"https:\/\/audiofutura.fmmiradio.com\/#\/schema\/person\/image\/\",\"url\":\"https:\/\/secure.gravatar.com\/avatar\/f6ee1541937ff3e68dac011173779bde?s=96&d=mm&r=g\",\"contentUrl\":\"https:\/\/secure.gravatar.com\/avatar\/f6ee1541937ff3e68dac011173779bde?s=96&d=mm&r=g\",\"caption\":\"futura\"},\"url\":\"https:\/\/audiofutura.fmmiradio.com\/?author=4\"}]}<\/script>\n<!-- \/ Yoast SEO plugin. -->","yoast_head_json":{"title":"Nick Vujicic inspir\u00f3 a San Juan con su mensaje de superaci\u00f3n - AUDIO FUTURA","robots":{"index":"index","follow":"follow","max-snippet":"max-snippet:-1","max-image-preview":"max-image-preview:large","max-video-preview":"max-video-preview:-1"},"canonical":"https:\/\/audiofutura.fmmiradio.com\/?p=2404","og_locale":"es_ES","og_type":"article","og_title":"Nick Vujicic inspir\u00f3 a San Juan con su mensaje de superaci\u00f3n - AUDIO FUTURA","og_description":"El pasado 19 de noviembre, el reconocido conferencista motivacional internacional, Nick Vujicic, cautiv\u00f3 a San Juan con su historia de vida y su mensaje de esperanza. El estadio Aldo Cantoni se llen\u00f3 de personas que se congregaron para escuchar al hombre que naci\u00f3 sin brazos ni piernas, pero que logr\u00f3 convertir su discapacidad en una &hellip;","og_url":"https:\/\/audiofutura.fmmiradio.com\/?p=2404","og_site_name":"AUDIO FUTURA","article_published_time":"2024-11-21T14:40:52+00:00","article_modified_time":"2024-11-21T14:41:38+00:00","og_image":[{"width":1440,"height":960,"url":"https:\/\/audiofutura.fmmiradio.com\/wp-content\/uploads\/2024\/11\/466922621_1064125975511936_3198651576716083825_n.jpg","type":"image\/jpeg"}],"author":"futura","twitter_card":"summary_large_image","twitter_misc":{"Escrito por":"futura","Tiempo de lectura":"3 minutos"},"schema":{"@context":"https:\/\/schema.org","@graph":[{"@type":"WebPage","@id":"https:\/\/audiofutura.fmmiradio.com\/?p=2404","url":"https:\/\/audiofutura.fmmiradio.com\/?p=2404","name":"Nick Vujicic inspir\u00f3 a San Juan con su mensaje de superaci\u00f3n - AUDIO FUTURA","isPartOf":{"@id":"https:\/\/audiofutura.fmmiradio.com\/#website"},"primaryImageOfPage":{"@id":"https:\/\/audiofutura.fmmiradio.com\/?p=2404#primaryimage"},"image":{"@id":"https:\/\/audiofutura.fmmiradio.com\/?p=2404#primaryimage"},"thumbnailUrl":"https:\/\/audiofutura.fmmiradio.com\/wp-content\/uploads\/2024\/11\/466922621_1064125975511936_3198651576716083825_n.jpg","datePublished":"2024-11-21T14:40:52+00:00","dateModified":"2024-11-21T14:41:38+00:00","author":{"@id":"https:\/\/audiofutura.fmmiradio.com\/#\/schema\/person\/bda371d1753c2e5b5dff202eaa5fa9bc"},"breadcrumb":{"@id":"https:\/\/audiofutura.fmmiradio.com\/?p=2404#breadcrumb"},"inLanguage":"es","potentialAction":[{"@type":"ReadAction","target":["https:\/\/audiofutura.fmmiradio.com\/?p=2404"]}]},{"@type":"ImageObject","inLanguage":"es","@id":"https:\/\/audiofutura.fmmiradio.com\/?p=2404#primaryimage","url":"https:\/\/audiofutura.fmmiradio.com\/wp-content\/uploads\/2024\/11\/466922621_1064125975511936_3198651576716083825_n.jpg","contentUrl":"https:\/\/audiofutura.fmmiradio.com\/wp-content\/uploads\/2024\/11\/466922621_1064125975511936_3198651576716083825_n.jpg","width":1440,"height":960},{"@type":"BreadcrumbList","@id":"https:\/\/audiofutura.fmmiradio.com\/?p=2404#breadcrumb","itemListElement":[{"@type":"ListItem","position":1,"name":"Portada","item":"https:\/\/audiofutura.fmmiradio.com\/"},{"@type":"ListItem","position":2,"name":"Nick Vujicic inspir\u00f3 a San Juan con su mensaje de superaci\u00f3n"}]},{"@type":"WebSite","@id":"https:\/\/audiofutura.fmmiradio.com\/#website","url":"https:\/\/audiofutura.fmmiradio.com\/","name":"AUDIO FUTURA","description":"","potentialAction":[{"@type":"SearchAction","target":{"@type":"EntryPoint","urlTemplate":"https:\/\/audiofutura.fmmiradio.com\/?s={search_term_string}"},"query-input":{"@type":"PropertyValueSpecification","valueRequired":true,"valueName":"search_term_string"}}],"inLanguage":"es"},{"@type":"Person","@id":"https:\/\/audiofutura.fmmiradio.com\/#\/schema\/person\/bda371d1753c2e5b5dff202eaa5fa9bc","name":"futura","image":{"@type":"ImageObject","inLanguage":"es","@id":"https:\/\/audiofutura.fmmiradio.com\/#\/schema\/person\/image\/","url":"https:\/\/secure.gravatar.com\/avatar\/f6ee1541937ff3e68dac011173779bde?s=96&d=mm&r=g","contentUrl":"https:\/\/secure.gravatar.com\/avatar\/f6ee1541937ff3e68dac011173779bde?s=96&d=mm&r=g","caption":"futura"},"url":"https:\/\/audiofutura.fmmiradio.com\/?author=4"}]}},"_links":{"self":[{"href":"https:\/\/audiofutura.fmmiradio.com\/index.php?rest_route=\/wp\/v2\/posts\/2404"}],"collection":[{"href":"https:\/\/audiofutura.fmmiradio.com\/index.php?rest_route=\/wp\/v2\/posts"}],"about":[{"href":"https:\/\/audiofutura.fmmiradio.com\/index.php?rest_route=\/wp\/v2\/types\/post"}],"author":[{"embeddable":true,"href":"https:\/\/audiofutura.fmmiradio.com\/index.php?rest_route=\/wp\/v2\/users\/4"}],"replies":[{"embeddable":true,"href":"https:\/\/audiofutura.fmmiradio.com\/index.php?rest_route=%2Fwp%2Fv2%2Fcomments&post=2404"}],"version-history":[{"count":2,"href":"https:\/\/audiofutura.fmmiradio.com\/index.php?rest_route=\/wp\/v2\/posts\/2404\/revisions"}],"predecessor-version":[{"id":2409,"href":"https:\/\/audiofutura.fmmiradio.com\/index.php?rest_route=\/wp\/v2\/posts\/2404\/revisions\/2409"}],"wp:featuredmedia":[{"embeddable":true,"href":"https:\/\/audiofutura.fmmiradio.com\/index.php?rest_route=\/wp\/v2\/media\/2405"}],"wp:attachment":[{"href":"https:\/\/audiofutura.fmmiradio.com\/index.php?rest_route=%2Fwp%2Fv2%2Fmedia&parent=2404"}],"wp:term":[{"taxonomy":"category","embeddable":true,"href":"https:\/\/audiofutura.fmmiradio.com\/index.php?rest_route=%2Fwp%2Fv2%2Fcategories&post=2404"},{"taxonomy":"post_tag","embeddable":true,"href":"https:\/\/audiofutura.fmmiradio.com\/index.php?rest_route=%2Fwp%2Fv2%2Ftags&post=2404"}],"curies":[{"name":"wp","href":"https:\/\/api.w.org\/{rel}","templated":true}]}}