{"id":2221,"date":"2024-10-31T12:18:39","date_gmt":"2024-10-31T12:18:39","guid":{"rendered":"https:\/\/audiofutura.fmmiradio.com\/?p=2221"},"modified":"2024-10-31T12:18:43","modified_gmt":"2024-10-31T12:18:43","slug":"todo-listo-para-la-fiesta-nacional-del-sol-2024-lo-que-hay-que-saber","status":"publish","type":"post","link":"https:\/\/audiofutura.fmmiradio.com\/?p=2221","title":{"rendered":"Todo listo para la Fiesta Nacional del Sol 2024: Lo que hay que saber"},"content":{"rendered":"\n<p class=\"has-medium-font-size\"><strong>San Juan est\u00e1 preparada para su celebraci\u00f3n m\u00e1xima, la Fiesta Nacional del Sol 2024, que arranca este jueves 31 de octubre y se extender\u00e1 hasta el s\u00e1bado 2 de noviembre en su nueva sede, el predio del Estadio del Bicentenario en Pocito. La festividad contar\u00e1 con una amplia oferta cultural y de entretenimiento, incluyendo la tradicional Feria, el espect\u00e1culo central \u00abSomos Energ\u00eda\u00bb, y shows de destacados artistas nacionales.<\/strong><\/p>\n\n\n\n<p><\/p>\n\n\n\n<ul class=\"wp-block-list\">\n<li><strong>Feria:<\/strong> Ubicada en la zona de estacionamiento, detr\u00e1s del Vel\u00f3dromo, la Feria ofrece una amplia variedad de opciones gastron\u00f3micas, stands institucionales y escenarios para presentaciones de artistas locales.<\/li>\n\n\n\n<li><strong>Espect\u00e1culo central \u00abSomos Energ\u00eda\u00bb:<\/strong> Este show art\u00edstico, tecnol\u00f3gico y deportivo se realizar\u00e1 cada noche en el Vel\u00f3dromo Vicente Chancay, con la participaci\u00f3n de m\u00e1s de 300 artistas y deportistas en escena.<\/li>\n\n\n\n<li><strong>Shows nacionales:<\/strong> Artistas reconocidos se presentar\u00e1n dentro del Estadio del Bicentenario. La programaci\u00f3n incluye La K\u2019onga, Abel Pintos, Luciano Pereyra y Los Palmeras, entre otros.<\/li>\n\n\n\n<li><strong>FNS Forum &#8211; Innovaci\u00f3n y Energ\u00eda:<\/strong> Un encuentro para emprendedores y empresas de la comunidad productiva, que tendr\u00e1 lugar en el Teatro del Bicentenario en la capital de San Juan.<\/li>\n<\/ul>\n\n\n\n<p><strong>Horarios y acceso:<\/strong> El predio abrir\u00e1 sus puertas al p\u00fablico a las 19:00 y las actividades se desarrollar\u00e1n hasta las 3:00. El espect\u00e1culo \u00abSomos Energ\u00eda\u00bb comenzar\u00e1 cada noche a las 21:00 y durar\u00e1 media hora.<\/p>\n\n\n\n<p><strong>Entradas:<\/strong> Disponibles en boleter\u00edas del Teatro del Bicentenario (de 9 a 21) y en <a href=\"https:\/\/autoentrada.com\">autoentrada.com<\/a>. Los precios var\u00edan: $6,000 (platea popular), $10,000 (platea alta) y $15,000 (platea baja o campo). La entrada general para quienes solo deseen visitar la Feria y el show \u00abSomos Energ\u00eda\u00bb tiene un costo de $3,000.<\/p>\n\n\n\n<p><strong>Transporte gratuito:<\/strong> Las l\u00edneas de colectivos gratuitas est\u00e1n organizadas seg\u00fan el punto de origen:<\/p>\n\n\n\n<ul class=\"wp-block-list\">\n<li><strong>L\u00ednea Magenta (Oeste):<\/strong> Salidas desde Rivadavia, La Bebida y Capital.<\/li>\n\n\n\n<li><strong>L\u00ednea Verde (Norte):<\/strong> Conecta desde Chimbas y Albard\u00f3n.<\/li>\n\n\n\n<li><strong>L\u00ednea Celeste (Este):<\/strong> Sale desde Santa Luc\u00eda, Caucete y 9 de Julio.<\/li>\n\n\n\n<li><strong>L\u00ednea Amarilla (Sur):<\/strong> Parte desde Rawson, Pocito y Sarmiento.<\/li>\n<\/ul>\n\n\n\n<p><strong>Normas de ingreso:<\/strong> Se permite el ingreso de botellas vac\u00edas, protector solar, lonas peque\u00f1as y otros art\u00edculos personales. Est\u00e1 prohibido el ingreso de bebidas alcoh\u00f3licas, equipos profesionales de fotograf\u00eda, sillas o reposeras, drones y otros objetos que puedan poner en riesgo la seguridad del evento.<\/p>\n\n\n\n<p><strong>Programaci\u00f3n de artistas en el Estadio:<\/strong><\/p>\n\n\n\n<ul class=\"wp-block-list\">\n<li><strong>Jueves 31 de octubre:<\/strong> La Joda (21:30), Omega (22:05), La Barra (23:15), Luck Ra (01:05), La K&#8217;onga (02:20).<\/li>\n\n\n\n<li><strong>Viernes 1 de noviembre:<\/strong> Gipsy (21:30), Aldo Zaragoza (22:00), Airbag (23:15), Trueno (01:00).<\/li>\n\n\n\n<li><strong>S\u00e1bado 2 de noviembre:<\/strong> Gisele Aldeco (21:00), Los Intihuama (21:40), Abel Pintos (23:15), Luciano Pereyra (00:55), Los Palmeras (02:35).<\/li>\n<\/ul>\n\n\n\n<p><strong>Escenarios locales:<\/strong> M\u00e1s de 90 bandas locales estar\u00e1n en escena, divididas entre tres escenarios:<\/p>\n\n\n\n<ul class=\"wp-block-list\">\n<li><strong>Escenario La Pe\u00f1a:<\/strong> Folclore, cuarteto y cumbia.<\/li>\n<\/ul>\n\n\n\n<figure class=\"wp-block-image size-full\"><img loading=\"lazy\" decoding=\"async\" width=\"790\" height=\"988\" src=\"https:\/\/audiofutura.fmmiradio.com\/wp-content\/uploads\/2024\/10\/imagepng-9.webp\" alt=\"\" class=\"wp-image-2222\" srcset=\"https:\/\/audiofutura.fmmiradio.com\/wp-content\/uploads\/2024\/10\/imagepng-9.webp 790w, https:\/\/audiofutura.fmmiradio.com\/wp-content\/uploads\/2024\/10\/imagepng-9-240x300.webp 240w, https:\/\/audiofutura.fmmiradio.com\/wp-content\/uploads\/2024\/10\/imagepng-9-768x960.webp 768w\" sizes=\"(max-width: 790px) 100vw, 790px\" \/><\/figure>\n\n\n\n<figure class=\"wp-block-image size-full\"><img loading=\"lazy\" decoding=\"async\" width=\"790\" height=\"988\" src=\"https:\/\/audiofutura.fmmiradio.com\/wp-content\/uploads\/2024\/10\/imagepng-10.webp\" alt=\"\" class=\"wp-image-2223\" srcset=\"https:\/\/audiofutura.fmmiradio.com\/wp-content\/uploads\/2024\/10\/imagepng-10.webp 790w, https:\/\/audiofutura.fmmiradio.com\/wp-content\/uploads\/2024\/10\/imagepng-10-240x300.webp 240w, https:\/\/audiofutura.fmmiradio.com\/wp-content\/uploads\/2024\/10\/imagepng-10-768x960.webp 768w\" sizes=\"(max-width: 790px) 100vw, 790px\" \/><\/figure>\n\n\n\n<figure class=\"wp-block-image size-full\"><img loading=\"lazy\" decoding=\"async\" width=\"790\" height=\"988\" src=\"https:\/\/audiofutura.fmmiradio.com\/wp-content\/uploads\/2024\/10\/imagepng-11.webp\" alt=\"\" class=\"wp-image-2224\" srcset=\"https:\/\/audiofutura.fmmiradio.com\/wp-content\/uploads\/2024\/10\/imagepng-11.webp 790w, https:\/\/audiofutura.fmmiradio.com\/wp-content\/uploads\/2024\/10\/imagepng-11-240x300.webp 240w, https:\/\/audiofutura.fmmiradio.com\/wp-content\/uploads\/2024\/10\/imagepng-11-768x960.webp 768w\" sizes=\"(max-width: 790px) 100vw, 790px\" \/><\/figure>\n\n\n\n<ul class=\"wp-block-list\">\n<li><strong>Escenario Energ\u00e9tico:<\/strong> Rock, pop y reggae.<\/li>\n<\/ul>\n\n\n\n<figure class=\"wp-block-image size-full\"><img loading=\"lazy\" decoding=\"async\" width=\"790\" height=\"988\" src=\"https:\/\/audiofutura.fmmiradio.com\/wp-content\/uploads\/2024\/10\/imagepng-12.webp\" alt=\"\" class=\"wp-image-2225\" srcset=\"https:\/\/audiofutura.fmmiradio.com\/wp-content\/uploads\/2024\/10\/imagepng-12.webp 790w, https:\/\/audiofutura.fmmiradio.com\/wp-content\/uploads\/2024\/10\/imagepng-12-240x300.webp 240w, https:\/\/audiofutura.fmmiradio.com\/wp-content\/uploads\/2024\/10\/imagepng-12-768x960.webp 768w\" sizes=\"(max-width: 790px) 100vw, 790px\" \/><\/figure>\n\n\n\n<figure class=\"wp-block-image size-full\"><img loading=\"lazy\" decoding=\"async\" width=\"790\" height=\"988\" src=\"https:\/\/audiofutura.fmmiradio.com\/wp-content\/uploads\/2024\/10\/imagepng-13.webp\" alt=\"\" class=\"wp-image-2226\" srcset=\"https:\/\/audiofutura.fmmiradio.com\/wp-content\/uploads\/2024\/10\/imagepng-13.webp 790w, https:\/\/audiofutura.fmmiradio.com\/wp-content\/uploads\/2024\/10\/imagepng-13-240x300.webp 240w, https:\/\/audiofutura.fmmiradio.com\/wp-content\/uploads\/2024\/10\/imagepng-13-768x960.webp 768w\" sizes=\"(max-width: 790px) 100vw, 790px\" \/><\/figure>\n\n\n\n<ul class=\"wp-block-list\">\n<li><strong>Escenario Cl\u00e1sico:<\/strong> Con bandas emblem\u00e1ticas de la provincia.<\/li>\n<\/ul>\n\n\n\n<figure class=\"wp-block-image size-full is-resized\"><img loading=\"lazy\" decoding=\"async\" width=\"790\" height=\"988\" src=\"https:\/\/audiofutura.fmmiradio.com\/wp-content\/uploads\/2024\/10\/imagepng-14.webp\" alt=\"\" class=\"wp-image-2227\" style=\"width:840px;height:auto\" srcset=\"https:\/\/audiofutura.fmmiradio.com\/wp-content\/uploads\/2024\/10\/imagepng-14.webp 790w, https:\/\/audiofutura.fmmiradio.com\/wp-content\/uploads\/2024\/10\/imagepng-14-240x300.webp 240w, https:\/\/audiofutura.fmmiradio.com\/wp-content\/uploads\/2024\/10\/imagepng-14-768x960.webp 768w\" sizes=\"(max-width: 790px) 100vw, 790px\" \/><\/figure>\n\n\n\n<figure class=\"wp-block-image size-full\"><img loading=\"lazy\" decoding=\"async\" width=\"790\" height=\"988\" src=\"https:\/\/audiofutura.fmmiradio.com\/wp-content\/uploads\/2024\/10\/imagepng-15.webp\" alt=\"\" class=\"wp-image-2228\" srcset=\"https:\/\/audiofutura.fmmiradio.com\/wp-content\/uploads\/2024\/10\/imagepng-15.webp 790w, https:\/\/audiofutura.fmmiradio.com\/wp-content\/uploads\/2024\/10\/imagepng-15-240x300.webp 240w, https:\/\/audiofutura.fmmiradio.com\/wp-content\/uploads\/2024\/10\/imagepng-15-768x960.webp 768w\" sizes=\"(max-width: 790px) 100vw, 790px\" \/><\/figure>\n\n\n\n<p>San Juan espera tres noches de celebraci\u00f3n, cultura y tradici\u00f3n en la Fiesta Nacional del Sol 2024, brindando a los asistentes un evento lleno de propuestas para disfrutar al m\u00e1ximo.<\/p>\n","protected":false},"excerpt":{"rendered":"<p>San Juan est\u00e1 preparada para su celebraci\u00f3n m\u00e1xima, la Fiesta Nacional del Sol 2024, que arranca este jueves 31 de octubre y se extender\u00e1 hasta el s\u00e1bado 2 de noviembre en su nueva sede, el predio del Estadio del Bicentenario en Pocito. La festividad contar\u00e1 con una amplia oferta cultural y de entretenimiento, incluyendo la &hellip;<\/p>\n","protected":false},"author":4,"featured_media":2229,"comment_status":"open","ping_status":"open","sticky":false,"template":"","format":"standard","meta":{"footnotes":""},"categories":[78,69],"tags":[],"class_list":["post-2221","post","type-post","status-publish","format-standard","has-post-thumbnail","","category-espectaculos","category-san-juan"],"yoast_head":"<!-- This site is optimized with the Yoast SEO plugin v25.6 - https:\/\/yoast.com\/wordpress\/plugins\/seo\/ -->\n<title>Todo listo para la Fiesta Nacional del Sol 2024: Lo que hay que saber - AUDIO FUTURA<\/title>\n<meta name=\"robots\" content=\"index, follow, max-snippet:-1, max-image-preview:large, max-video-preview:-1\" \/>\n<link rel=\"canonical\" href=\"https:\/\/audiofutura.fmmiradio.com\/?p=2221\" \/>\n<meta property=\"og:locale\" content=\"es_ES\" \/>\n<meta property=\"og:type\" content=\"article\" \/>\n<meta property=\"og:title\" content=\"Todo listo para la Fiesta Nacional del Sol 2024: Lo que hay que saber - AUDIO FUTURA\" \/>\n<meta property=\"og:description\" content=\"San Juan est\u00e1 preparada para su celebraci\u00f3n m\u00e1xima, la Fiesta Nacional del Sol 2024, que arranca este jueves 31 de octubre y se extender\u00e1 hasta el s\u00e1bado 2 de noviembre en su nueva sede, el predio del Estadio del Bicentenario en Pocito. La festividad contar\u00e1 con una amplia oferta cultural y de entretenimiento, incluyendo la &hellip;\" \/>\n<meta property=\"og:url\" content=\"https:\/\/audiofutura.fmmiradio.com\/?p=2221\" \/>\n<meta property=\"og:site_name\" content=\"AUDIO FUTURA\" \/>\n<meta property=\"article:published_time\" content=\"2024-10-31T12:18:39+00:00\" \/>\n<meta property=\"article:modified_time\" content=\"2024-10-31T12:18:43+00:00\" \/>\n<meta property=\"og:image\" content=\"https:\/\/audiofutura.fmmiradio.com\/wp-content\/uploads\/2024\/10\/maxresdefault-1.jpg\" \/>\n\t<meta property=\"og:image:width\" content=\"1280\" \/>\n\t<meta property=\"og:image:height\" content=\"720\" \/>\n\t<meta property=\"og:image:type\" content=\"image\/jpeg\" \/>\n<meta name=\"author\" content=\"futura\" \/>\n<meta name=\"twitter:card\" content=\"summary_large_image\" \/>\n<meta name=\"twitter:label1\" content=\"Escrito por\" \/>\n\t<meta name=\"twitter:data1\" content=\"futura\" \/>\n\t<meta name=\"twitter:label2\" content=\"Tiempo de lectura\" \/>\n\t<meta name=\"twitter:data2\" content=\"4 minutos\" \/>\n<script type=\"application\/ld+json\" class=\"yoast-schema-graph\">{\"@context\":\"https:\/\/schema.org\",\"@graph\":[{\"@type\":\"WebPage\",\"@id\":\"https:\/\/audiofutura.fmmiradio.com\/?p=2221\",\"url\":\"https:\/\/audiofutura.fmmiradio.com\/?p=2221\",\"name\":\"Todo listo para la Fiesta Nacional del Sol 2024: Lo que hay que saber - AUDIO FUTURA\",\"isPartOf\":{\"@id\":\"https:\/\/audiofutura.fmmiradio.com\/#website\"},\"primaryImageOfPage\":{\"@id\":\"https:\/\/audiofutura.fmmiradio.com\/?p=2221#primaryimage\"},\"image\":{\"@id\":\"https:\/\/audiofutura.fmmiradio.com\/?p=2221#primaryimage\"},\"thumbnailUrl\":\"https:\/\/audiofutura.fmmiradio.com\/wp-content\/uploads\/2024\/10\/maxresdefault-1.jpg\",\"datePublished\":\"2024-10-31T12:18:39+00:00\",\"dateModified\":\"2024-10-31T12:18:43+00:00\",\"author\":{\"@id\":\"https:\/\/audiofutura.fmmiradio.com\/#\/schema\/person\/bda371d1753c2e5b5dff202eaa5fa9bc\"},\"breadcrumb\":{\"@id\":\"https:\/\/audiofutura.fmmiradio.com\/?p=2221#breadcrumb\"},\"inLanguage\":\"es\",\"potentialAction\":[{\"@type\":\"ReadAction\",\"target\":[\"https:\/\/audiofutura.fmmiradio.com\/?p=2221\"]}]},{\"@type\":\"ImageObject\",\"inLanguage\":\"es\",\"@id\":\"https:\/\/audiofutura.fmmiradio.com\/?p=2221#primaryimage\",\"url\":\"https:\/\/audiofutura.fmmiradio.com\/wp-content\/uploads\/2024\/10\/maxresdefault-1.jpg\",\"contentUrl\":\"https:\/\/audiofutura.fmmiradio.com\/wp-content\/uploads\/2024\/10\/maxresdefault-1.jpg\",\"width\":1280,\"height\":720},{\"@type\":\"BreadcrumbList\",\"@id\":\"https:\/\/audiofutura.fmmiradio.com\/?p=2221#breadcrumb\",\"itemListElement\":[{\"@type\":\"ListItem\",\"position\":1,\"name\":\"Portada\",\"item\":\"https:\/\/audiofutura.fmmiradio.com\/\"},{\"@type\":\"ListItem\",\"position\":2,\"name\":\"Todo listo para la Fiesta Nacional del Sol 2024: Lo que hay que saber\"}]},{\"@type\":\"WebSite\",\"@id\":\"https:\/\/audiofutura.fmmiradio.com\/#website\",\"url\":\"https:\/\/audiofutura.fmmiradio.com\/\",\"name\":\"AUDIO FUTURA\",\"description\":\"\",\"potentialAction\":[{\"@type\":\"SearchAction\",\"target\":{\"@type\":\"EntryPoint\",\"urlTemplate\":\"https:\/\/audiofutura.fmmiradio.com\/?s={search_term_string}\"},\"query-input\":{\"@type\":\"PropertyValueSpecification\",\"valueRequired\":true,\"valueName\":\"search_term_string\"}}],\"inLanguage\":\"es\"},{\"@type\":\"Person\",\"@id\":\"https:\/\/audiofutura.fmmiradio.com\/#\/schema\/person\/bda371d1753c2e5b5dff202eaa5fa9bc\",\"name\":\"futura\",\"image\":{\"@type\":\"ImageObject\",\"inLanguage\":\"es\",\"@id\":\"https:\/\/audiofutura.fmmiradio.com\/#\/schema\/person\/image\/\",\"url\":\"https:\/\/secure.gravatar.com\/avatar\/f6ee1541937ff3e68dac011173779bde?s=96&d=mm&r=g\",\"contentUrl\":\"https:\/\/secure.gravatar.com\/avatar\/f6ee1541937ff3e68dac011173779bde?s=96&d=mm&r=g\",\"caption\":\"futura\"},\"url\":\"https:\/\/audiofutura.fmmiradio.com\/?author=4\"}]}<\/script>\n<!-- \/ Yoast SEO plugin. -->","yoast_head_json":{"title":"Todo listo para la Fiesta Nacional del Sol 2024: Lo que hay que saber - AUDIO FUTURA","robots":{"index":"index","follow":"follow","max-snippet":"max-snippet:-1","max-image-preview":"max-image-preview:large","max-video-preview":"max-video-preview:-1"},"canonical":"https:\/\/audiofutura.fmmiradio.com\/?p=2221","og_locale":"es_ES","og_type":"article","og_title":"Todo listo para la Fiesta Nacional del Sol 2024: Lo que hay que saber - AUDIO FUTURA","og_description":"San Juan est\u00e1 preparada para su celebraci\u00f3n m\u00e1xima, la Fiesta Nacional del Sol 2024, que arranca este jueves 31 de octubre y se extender\u00e1 hasta el s\u00e1bado 2 de noviembre en su nueva sede, el predio del Estadio del Bicentenario en Pocito. La festividad contar\u00e1 con una amplia oferta cultural y de entretenimiento, incluyendo la &hellip;","og_url":"https:\/\/audiofutura.fmmiradio.com\/?p=2221","og_site_name":"AUDIO FUTURA","article_published_time":"2024-10-31T12:18:39+00:00","article_modified_time":"2024-10-31T12:18:43+00:00","og_image":[{"width":1280,"height":720,"url":"https:\/\/audiofutura.fmmiradio.com\/wp-content\/uploads\/2024\/10\/maxresdefault-1.jpg","type":"image\/jpeg"}],"author":"futura","twitter_card":"summary_large_image","twitter_misc":{"Escrito por":"futura","Tiempo de lectura":"4 minutos"},"schema":{"@context":"https:\/\/schema.org","@graph":[{"@type":"WebPage","@id":"https:\/\/audiofutura.fmmiradio.com\/?p=2221","url":"https:\/\/audiofutura.fmmiradio.com\/?p=2221","name":"Todo listo para la Fiesta Nacional del Sol 2024: Lo que hay que saber - AUDIO FUTURA","isPartOf":{"@id":"https:\/\/audiofutura.fmmiradio.com\/#website"},"primaryImageOfPage":{"@id":"https:\/\/audiofutura.fmmiradio.com\/?p=2221#primaryimage"},"image":{"@id":"https:\/\/audiofutura.fmmiradio.com\/?p=2221#primaryimage"},"thumbnailUrl":"https:\/\/audiofutura.fmmiradio.com\/wp-content\/uploads\/2024\/10\/maxresdefault-1.jpg","datePublished":"2024-10-31T12:18:39+00:00","dateModified":"2024-10-31T12:18:43+00:00","author":{"@id":"https:\/\/audiofutura.fmmiradio.com\/#\/schema\/person\/bda371d1753c2e5b5dff202eaa5fa9bc"},"breadcrumb":{"@id":"https:\/\/audiofutura.fmmiradio.com\/?p=2221#breadcrumb"},"inLanguage":"es","potentialAction":[{"@type":"ReadAction","target":["https:\/\/audiofutura.fmmiradio.com\/?p=2221"]}]},{"@type":"ImageObject","inLanguage":"es","@id":"https:\/\/audiofutura.fmmiradio.com\/?p=2221#primaryimage","url":"https:\/\/audiofutura.fmmiradio.com\/wp-content\/uploads\/2024\/10\/maxresdefault-1.jpg","contentUrl":"https:\/\/audiofutura.fmmiradio.com\/wp-content\/uploads\/2024\/10\/maxresdefault-1.jpg","width":1280,"height":720},{"@type":"BreadcrumbList","@id":"https:\/\/audiofutura.fmmiradio.com\/?p=2221#breadcrumb","itemListElement":[{"@type":"ListItem","position":1,"name":"Portada","item":"https:\/\/audiofutura.fmmiradio.com\/"},{"@type":"ListItem","position":2,"name":"Todo listo para la Fiesta Nacional del Sol 2024: Lo que hay que saber"}]},{"@type":"WebSite","@id":"https:\/\/audiofutura.fmmiradio.com\/#website","url":"https:\/\/audiofutura.fmmiradio.com\/","name":"AUDIO FUTURA","description":"","potentialAction":[{"@type":"SearchAction","target":{"@type":"EntryPoint","urlTemplate":"https:\/\/audiofutura.fmmiradio.com\/?s={search_term_string}"},"query-input":{"@type":"PropertyValueSpecification","valueRequired":true,"valueName":"search_term_string"}}],"inLanguage":"es"},{"@type":"Person","@id":"https:\/\/audiofutura.fmmiradio.com\/#\/schema\/person\/bda371d1753c2e5b5dff202eaa5fa9bc","name":"futura","image":{"@type":"ImageObject","inLanguage":"es","@id":"https:\/\/audiofutura.fmmiradio.com\/#\/schema\/person\/image\/","url":"https:\/\/secure.gravatar.com\/avatar\/f6ee1541937ff3e68dac011173779bde?s=96&d=mm&r=g","contentUrl":"https:\/\/secure.gravatar.com\/avatar\/f6ee1541937ff3e68dac011173779bde?s=96&d=mm&r=g","caption":"futura"},"url":"https:\/\/audiofutura.fmmiradio.com\/?author=4"}]}},"_links":{"self":[{"href":"https:\/\/audiofutura.fmmiradio.com\/index.php?rest_route=\/wp\/v2\/posts\/2221"}],"collection":[{"href":"https:\/\/audiofutura.fmmiradio.com\/index.php?rest_route=\/wp\/v2\/posts"}],"about":[{"href":"https:\/\/audiofutura.fmmiradio.com\/index.php?rest_route=\/wp\/v2\/types\/post"}],"author":[{"embeddable":true,"href":"https:\/\/audiofutura.fmmiradio.com\/index.php?rest_route=\/wp\/v2\/users\/4"}],"replies":[{"embeddable":true,"href":"https:\/\/audiofutura.fmmiradio.com\/index.php?rest_route=%2Fwp%2Fv2%2Fcomments&post=2221"}],"version-history":[{"count":1,"href":"https:\/\/audiofutura.fmmiradio.com\/index.php?rest_route=\/wp\/v2\/posts\/2221\/revisions"}],"predecessor-version":[{"id":2230,"href":"https:\/\/audiofutura.fmmiradio.com\/index.php?rest_route=\/wp\/v2\/posts\/2221\/revisions\/2230"}],"wp:featuredmedia":[{"embeddable":true,"href":"https:\/\/audiofutura.fmmiradio.com\/index.php?rest_route=\/wp\/v2\/media\/2229"}],"wp:attachment":[{"href":"https:\/\/audiofutura.fmmiradio.com\/index.php?rest_route=%2Fwp%2Fv2%2Fmedia&parent=2221"}],"wp:term":[{"taxonomy":"category","embeddable":true,"href":"https:\/\/audiofutura.fmmiradio.com\/index.php?rest_route=%2Fwp%2Fv2%2Fcategories&post=2221"},{"taxonomy":"post_tag","embeddable":true,"href":"https:\/\/audiofutura.fmmiradio.com\/index.php?rest_route=%2Fwp%2Fv2%2Ftags&post=2221"}],"curies":[{"name":"wp","href":"https:\/\/api.w.org\/{rel}","templated":true}]}}