{"id":2202,"date":"2024-10-28T16:06:14","date_gmt":"2024-10-28T16:06:14","guid":{"rendered":"https:\/\/audiofutura.fmmiradio.com\/?p=2202"},"modified":"2024-10-28T16:06:15","modified_gmt":"2024-10-28T16:06:15","slug":"fans-sanjuaninas-rinden-homenaje-a-liam-payne-con-un-emotivo-tributo-en-el-parque-de-mayo","status":"publish","type":"post","link":"https:\/\/audiofutura.fmmiradio.com\/?p=2202","title":{"rendered":"Fans sanjuaninas rinden homenaje a Liam Payne con un emotivo tributo en el Parque de Mayo"},"content":{"rendered":"\n<p>El Parque de Mayo en San Juan se convirti\u00f3 en un espacio de homenaje para recordar al cantante brit\u00e1nico Liam Payne, exintegrante de la banda One Direction, quien falleci\u00f3 en Buenos Aires el pasado 16 de Octubre tras un tr\u00e1gico accidente. Decenas de j\u00f3venes sanjuaninos, seguidores del artista, se reunieron para expresar su pesar en una ceremonia cargada de emoci\u00f3n y respeto.<\/p>\n\n\n\n<figure class=\"wp-block-image size-large\"><img loading=\"lazy\" decoding=\"async\" width=\"1024\" height=\"683\" src=\"https:\/\/audiofutura.fmmiradio.com\/wp-content\/uploads\/2024\/10\/P1390272-1024x683.jpg\" alt=\"\" class=\"wp-image-2205\" srcset=\"https:\/\/audiofutura.fmmiradio.com\/wp-content\/uploads\/2024\/10\/P1390272-1024x683.jpg 1024w, https:\/\/audiofutura.fmmiradio.com\/wp-content\/uploads\/2024\/10\/P1390272-300x200.jpg 300w, https:\/\/audiofutura.fmmiradio.com\/wp-content\/uploads\/2024\/10\/P1390272-768x512.jpg 768w, https:\/\/audiofutura.fmmiradio.com\/wp-content\/uploads\/2024\/10\/P1390272-1536x1024.jpg 1536w, https:\/\/audiofutura.fmmiradio.com\/wp-content\/uploads\/2024\/10\/P1390272-2048x1365.jpg 2048w\" sizes=\"(max-width: 1024px) 100vw, 1024px\" \/><\/figure>\n\n\n\n<figure class=\"wp-block-image size-large\"><img loading=\"lazy\" decoding=\"async\" width=\"1024\" height=\"683\" src=\"https:\/\/audiofutura.fmmiradio.com\/wp-content\/uploads\/2024\/10\/P1390269-1024x683.jpg\" alt=\"\" class=\"wp-image-2203\" srcset=\"https:\/\/audiofutura.fmmiradio.com\/wp-content\/uploads\/2024\/10\/P1390269-1024x683.jpg 1024w, https:\/\/audiofutura.fmmiradio.com\/wp-content\/uploads\/2024\/10\/P1390269-300x200.jpg 300w, https:\/\/audiofutura.fmmiradio.com\/wp-content\/uploads\/2024\/10\/P1390269-768x512.jpg 768w, https:\/\/audiofutura.fmmiradio.com\/wp-content\/uploads\/2024\/10\/P1390269-1536x1024.jpg 1536w, https:\/\/audiofutura.fmmiradio.com\/wp-content\/uploads\/2024\/10\/P1390269-2048x1365.jpg 2048w\" sizes=\"(max-width: 1024px) 100vw, 1024px\" \/><\/figure>\n\n\n\n<figure class=\"wp-block-image size-large\"><img loading=\"lazy\" decoding=\"async\" width=\"1024\" height=\"683\" src=\"https:\/\/audiofutura.fmmiradio.com\/wp-content\/uploads\/2024\/10\/P1390272-1-1024x683.jpg\" alt=\"\" class=\"wp-image-2206\" srcset=\"https:\/\/audiofutura.fmmiradio.com\/wp-content\/uploads\/2024\/10\/P1390272-1-1024x683.jpg 1024w, https:\/\/audiofutura.fmmiradio.com\/wp-content\/uploads\/2024\/10\/P1390272-1-300x200.jpg 300w, https:\/\/audiofutura.fmmiradio.com\/wp-content\/uploads\/2024\/10\/P1390272-1-768x512.jpg 768w, https:\/\/audiofutura.fmmiradio.com\/wp-content\/uploads\/2024\/10\/P1390272-1-1536x1024.jpg 1536w, https:\/\/audiofutura.fmmiradio.com\/wp-content\/uploads\/2024\/10\/P1390272-1-2048x1365.jpg 2048w\" sizes=\"(max-width: 1024px) 100vw, 1024px\" \/><\/figure>\n\n\n\n<p><\/p>\n\n\n\n<p>Al igual que los tributos realizados en la entrada del hotel de Palermo donde Payne se hospedaba, los fan\u00e1ticos en San Juan se congregaron alrededor de un jard\u00edn vertical en el parque. All\u00ed, colocaron fotograf\u00edas, recuerdos y citas de las canciones de One Direction, las mismas que marcaron la adolescencia de una generaci\u00f3n desde la popularidad de la banda en 2010. En un acto de recogimiento, los asistentes encendieron velas y escucharon sus canciones en un momento de silencio y respeto.<\/p>\n\n\n\n<p>El encuentro fue un espacio para que los seguidores de Payne pudieran honrar su legado musical y recordar el impacto que tuvo en sus vidas.<\/p>\n","protected":false},"excerpt":{"rendered":"<p>El Parque de Mayo en San Juan se convirti\u00f3 en un espacio de homenaje para recordar al cantante brit\u00e1nico Liam Payne, exintegrante de la banda One Direction, quien falleci\u00f3 en Buenos Aires el pasado 16 de Octubre tras un tr\u00e1gico accidente. Decenas de j\u00f3venes sanjuaninos, seguidores del artista, se reunieron para expresar su pesar en &hellip;<\/p>\n","protected":false},"author":4,"featured_media":2204,"comment_status":"open","ping_status":"open","sticky":false,"template":"","format":"standard","meta":{"footnotes":""},"categories":[78,69],"tags":[],"class_list":["post-2202","post","type-post","status-publish","format-standard","has-post-thumbnail","","category-espectaculos","category-san-juan"],"yoast_head":"<!-- This site is optimized with the Yoast SEO plugin v25.6 - https:\/\/yoast.com\/wordpress\/plugins\/seo\/ -->\n<title>Fans sanjuaninas rinden homenaje a Liam Payne con un emotivo tributo en el Parque de Mayo - AUDIO FUTURA<\/title>\n<meta name=\"robots\" content=\"index, follow, max-snippet:-1, max-image-preview:large, max-video-preview:-1\" \/>\n<link rel=\"canonical\" href=\"https:\/\/audiofutura.fmmiradio.com\/?p=2202\" \/>\n<meta property=\"og:locale\" content=\"es_ES\" \/>\n<meta property=\"og:type\" content=\"article\" \/>\n<meta property=\"og:title\" content=\"Fans sanjuaninas rinden homenaje a Liam Payne con un emotivo tributo en el Parque de Mayo - AUDIO FUTURA\" \/>\n<meta property=\"og:description\" content=\"El Parque de Mayo en San Juan se convirti\u00f3 en un espacio de homenaje para recordar al cantante brit\u00e1nico Liam Payne, exintegrante de la banda One Direction, quien falleci\u00f3 en Buenos Aires el pasado 16 de Octubre tras un tr\u00e1gico accidente. Decenas de j\u00f3venes sanjuaninos, seguidores del artista, se reunieron para expresar su pesar en &hellip;\" \/>\n<meta property=\"og:url\" content=\"https:\/\/audiofutura.fmmiradio.com\/?p=2202\" \/>\n<meta property=\"og:site_name\" content=\"AUDIO FUTURA\" \/>\n<meta property=\"article:published_time\" content=\"2024-10-28T16:06:14+00:00\" \/>\n<meta property=\"article:modified_time\" content=\"2024-10-28T16:06:15+00:00\" \/>\n<meta property=\"og:image\" content=\"https:\/\/audiofutura.fmmiradio.com\/wp-content\/uploads\/2024\/10\/P1390285-scaled.jpg\" \/>\n\t<meta property=\"og:image:width\" content=\"2560\" \/>\n\t<meta property=\"og:image:height\" content=\"1707\" \/>\n\t<meta property=\"og:image:type\" content=\"image\/jpeg\" \/>\n<meta name=\"author\" content=\"futura\" \/>\n<meta name=\"twitter:card\" content=\"summary_large_image\" \/>\n<meta name=\"twitter:label1\" content=\"Escrito por\" \/>\n\t<meta name=\"twitter:data1\" content=\"futura\" \/>\n\t<meta name=\"twitter:label2\" content=\"Tiempo de lectura\" \/>\n\t<meta name=\"twitter:data2\" content=\"2 minutos\" \/>\n<script type=\"application\/ld+json\" class=\"yoast-schema-graph\">{\"@context\":\"https:\/\/schema.org\",\"@graph\":[{\"@type\":\"WebPage\",\"@id\":\"https:\/\/audiofutura.fmmiradio.com\/?p=2202\",\"url\":\"https:\/\/audiofutura.fmmiradio.com\/?p=2202\",\"name\":\"Fans sanjuaninas rinden homenaje a Liam Payne con un emotivo tributo en el Parque de Mayo - AUDIO FUTURA\",\"isPartOf\":{\"@id\":\"https:\/\/audiofutura.fmmiradio.com\/#website\"},\"primaryImageOfPage\":{\"@id\":\"https:\/\/audiofutura.fmmiradio.com\/?p=2202#primaryimage\"},\"image\":{\"@id\":\"https:\/\/audiofutura.fmmiradio.com\/?p=2202#primaryimage\"},\"thumbnailUrl\":\"https:\/\/audiofutura.fmmiradio.com\/wp-content\/uploads\/2024\/10\/P1390285-scaled.jpg\",\"datePublished\":\"2024-10-28T16:06:14+00:00\",\"dateModified\":\"2024-10-28T16:06:15+00:00\",\"author\":{\"@id\":\"https:\/\/audiofutura.fmmiradio.com\/#\/schema\/person\/bda371d1753c2e5b5dff202eaa5fa9bc\"},\"breadcrumb\":{\"@id\":\"https:\/\/audiofutura.fmmiradio.com\/?p=2202#breadcrumb\"},\"inLanguage\":\"es\",\"potentialAction\":[{\"@type\":\"ReadAction\",\"target\":[\"https:\/\/audiofutura.fmmiradio.com\/?p=2202\"]}]},{\"@type\":\"ImageObject\",\"inLanguage\":\"es\",\"@id\":\"https:\/\/audiofutura.fmmiradio.com\/?p=2202#primaryimage\",\"url\":\"https:\/\/audiofutura.fmmiradio.com\/wp-content\/uploads\/2024\/10\/P1390285-scaled.jpg\",\"contentUrl\":\"https:\/\/audiofutura.fmmiradio.com\/wp-content\/uploads\/2024\/10\/P1390285-scaled.jpg\",\"width\":2560,\"height\":1707},{\"@type\":\"BreadcrumbList\",\"@id\":\"https:\/\/audiofutura.fmmiradio.com\/?p=2202#breadcrumb\",\"itemListElement\":[{\"@type\":\"ListItem\",\"position\":1,\"name\":\"Portada\",\"item\":\"https:\/\/audiofutura.fmmiradio.com\/\"},{\"@type\":\"ListItem\",\"position\":2,\"name\":\"Fans sanjuaninas rinden homenaje a Liam Payne con un emotivo tributo en el Parque de Mayo\"}]},{\"@type\":\"WebSite\",\"@id\":\"https:\/\/audiofutura.fmmiradio.com\/#website\",\"url\":\"https:\/\/audiofutura.fmmiradio.com\/\",\"name\":\"AUDIO FUTURA\",\"description\":\"\",\"potentialAction\":[{\"@type\":\"SearchAction\",\"target\":{\"@type\":\"EntryPoint\",\"urlTemplate\":\"https:\/\/audiofutura.fmmiradio.com\/?s={search_term_string}\"},\"query-input\":{\"@type\":\"PropertyValueSpecification\",\"valueRequired\":true,\"valueName\":\"search_term_string\"}}],\"inLanguage\":\"es\"},{\"@type\":\"Person\",\"@id\":\"https:\/\/audiofutura.fmmiradio.com\/#\/schema\/person\/bda371d1753c2e5b5dff202eaa5fa9bc\",\"name\":\"futura\",\"image\":{\"@type\":\"ImageObject\",\"inLanguage\":\"es\",\"@id\":\"https:\/\/audiofutura.fmmiradio.com\/#\/schema\/person\/image\/\",\"url\":\"https:\/\/secure.gravatar.com\/avatar\/f6ee1541937ff3e68dac011173779bde?s=96&d=mm&r=g\",\"contentUrl\":\"https:\/\/secure.gravatar.com\/avatar\/f6ee1541937ff3e68dac011173779bde?s=96&d=mm&r=g\",\"caption\":\"futura\"},\"url\":\"https:\/\/audiofutura.fmmiradio.com\/?author=4\"}]}<\/script>\n<!-- \/ Yoast SEO plugin. -->","yoast_head_json":{"title":"Fans sanjuaninas rinden homenaje a Liam Payne con un emotivo tributo en el Parque de Mayo - AUDIO FUTURA","robots":{"index":"index","follow":"follow","max-snippet":"max-snippet:-1","max-image-preview":"max-image-preview:large","max-video-preview":"max-video-preview:-1"},"canonical":"https:\/\/audiofutura.fmmiradio.com\/?p=2202","og_locale":"es_ES","og_type":"article","og_title":"Fans sanjuaninas rinden homenaje a Liam Payne con un emotivo tributo en el Parque de Mayo - AUDIO FUTURA","og_description":"El Parque de Mayo en San Juan se convirti\u00f3 en un espacio de homenaje para recordar al cantante brit\u00e1nico Liam Payne, exintegrante de la banda One Direction, quien falleci\u00f3 en Buenos Aires el pasado 16 de Octubre tras un tr\u00e1gico accidente. Decenas de j\u00f3venes sanjuaninos, seguidores del artista, se reunieron para expresar su pesar en &hellip;","og_url":"https:\/\/audiofutura.fmmiradio.com\/?p=2202","og_site_name":"AUDIO FUTURA","article_published_time":"2024-10-28T16:06:14+00:00","article_modified_time":"2024-10-28T16:06:15+00:00","og_image":[{"width":2560,"height":1707,"url":"https:\/\/audiofutura.fmmiradio.com\/wp-content\/uploads\/2024\/10\/P1390285-scaled.jpg","type":"image\/jpeg"}],"author":"futura","twitter_card":"summary_large_image","twitter_misc":{"Escrito por":"futura","Tiempo de lectura":"2 minutos"},"schema":{"@context":"https:\/\/schema.org","@graph":[{"@type":"WebPage","@id":"https:\/\/audiofutura.fmmiradio.com\/?p=2202","url":"https:\/\/audiofutura.fmmiradio.com\/?p=2202","name":"Fans sanjuaninas rinden homenaje a Liam Payne con un emotivo tributo en el Parque de Mayo - AUDIO FUTURA","isPartOf":{"@id":"https:\/\/audiofutura.fmmiradio.com\/#website"},"primaryImageOfPage":{"@id":"https:\/\/audiofutura.fmmiradio.com\/?p=2202#primaryimage"},"image":{"@id":"https:\/\/audiofutura.fmmiradio.com\/?p=2202#primaryimage"},"thumbnailUrl":"https:\/\/audiofutura.fmmiradio.com\/wp-content\/uploads\/2024\/10\/P1390285-scaled.jpg","datePublished":"2024-10-28T16:06:14+00:00","dateModified":"2024-10-28T16:06:15+00:00","author":{"@id":"https:\/\/audiofutura.fmmiradio.com\/#\/schema\/person\/bda371d1753c2e5b5dff202eaa5fa9bc"},"breadcrumb":{"@id":"https:\/\/audiofutura.fmmiradio.com\/?p=2202#breadcrumb"},"inLanguage":"es","potentialAction":[{"@type":"ReadAction","target":["https:\/\/audiofutura.fmmiradio.com\/?p=2202"]}]},{"@type":"ImageObject","inLanguage":"es","@id":"https:\/\/audiofutura.fmmiradio.com\/?p=2202#primaryimage","url":"https:\/\/audiofutura.fmmiradio.com\/wp-content\/uploads\/2024\/10\/P1390285-scaled.jpg","contentUrl":"https:\/\/audiofutura.fmmiradio.com\/wp-content\/uploads\/2024\/10\/P1390285-scaled.jpg","width":2560,"height":1707},{"@type":"BreadcrumbList","@id":"https:\/\/audiofutura.fmmiradio.com\/?p=2202#breadcrumb","itemListElement":[{"@type":"ListItem","position":1,"name":"Portada","item":"https:\/\/audiofutura.fmmiradio.com\/"},{"@type":"ListItem","position":2,"name":"Fans sanjuaninas rinden homenaje a Liam Payne con un emotivo tributo en el Parque de Mayo"}]},{"@type":"WebSite","@id":"https:\/\/audiofutura.fmmiradio.com\/#website","url":"https:\/\/audiofutura.fmmiradio.com\/","name":"AUDIO FUTURA","description":"","potentialAction":[{"@type":"SearchAction","target":{"@type":"EntryPoint","urlTemplate":"https:\/\/audiofutura.fmmiradio.com\/?s={search_term_string}"},"query-input":{"@type":"PropertyValueSpecification","valueRequired":true,"valueName":"search_term_string"}}],"inLanguage":"es"},{"@type":"Person","@id":"https:\/\/audiofutura.fmmiradio.com\/#\/schema\/person\/bda371d1753c2e5b5dff202eaa5fa9bc","name":"futura","image":{"@type":"ImageObject","inLanguage":"es","@id":"https:\/\/audiofutura.fmmiradio.com\/#\/schema\/person\/image\/","url":"https:\/\/secure.gravatar.com\/avatar\/f6ee1541937ff3e68dac011173779bde?s=96&d=mm&r=g","contentUrl":"https:\/\/secure.gravatar.com\/avatar\/f6ee1541937ff3e68dac011173779bde?s=96&d=mm&r=g","caption":"futura"},"url":"https:\/\/audiofutura.fmmiradio.com\/?author=4"}]}},"_links":{"self":[{"href":"https:\/\/audiofutura.fmmiradio.com\/index.php?rest_route=\/wp\/v2\/posts\/2202"}],"collection":[{"href":"https:\/\/audiofutura.fmmiradio.com\/index.php?rest_route=\/wp\/v2\/posts"}],"about":[{"href":"https:\/\/audiofutura.fmmiradio.com\/index.php?rest_route=\/wp\/v2\/types\/post"}],"author":[{"embeddable":true,"href":"https:\/\/audiofutura.fmmiradio.com\/index.php?rest_route=\/wp\/v2\/users\/4"}],"replies":[{"embeddable":true,"href":"https:\/\/audiofutura.fmmiradio.com\/index.php?rest_route=%2Fwp%2Fv2%2Fcomments&post=2202"}],"version-history":[{"count":1,"href":"https:\/\/audiofutura.fmmiradio.com\/index.php?rest_route=\/wp\/v2\/posts\/2202\/revisions"}],"predecessor-version":[{"id":2207,"href":"https:\/\/audiofutura.fmmiradio.com\/index.php?rest_route=\/wp\/v2\/posts\/2202\/revisions\/2207"}],"wp:featuredmedia":[{"embeddable":true,"href":"https:\/\/audiofutura.fmmiradio.com\/index.php?rest_route=\/wp\/v2\/media\/2204"}],"wp:attachment":[{"href":"https:\/\/audiofutura.fmmiradio.com\/index.php?rest_route=%2Fwp%2Fv2%2Fmedia&parent=2202"}],"wp:term":[{"taxonomy":"category","embeddable":true,"href":"https:\/\/audiofutura.fmmiradio.com\/index.php?rest_route=%2Fwp%2Fv2%2Fcategories&post=2202"},{"taxonomy":"post_tag","embeddable":true,"href":"https:\/\/audiofutura.fmmiradio.com\/index.php?rest_route=%2Fwp%2Fv2%2Ftags&post=2202"}],"curies":[{"name":"wp","href":"https:\/\/api.w.org\/{rel}","templated":true}]}}