{"id":2164,"date":"2024-10-23T16:13:34","date_gmt":"2024-10-23T16:13:34","guid":{"rendered":"https:\/\/audiofutura.fmmiradio.com\/?p=2164"},"modified":"2024-10-23T16:13:37","modified_gmt":"2024-10-23T16:13:37","slug":"olga-organiza-el-charly-day-un-homenaje-a-charly-garcia-en-su-73-cumpleanos","status":"publish","type":"post","link":"https:\/\/audiofutura.fmmiradio.com\/?p=2164","title":{"rendered":"OLGA Organiza el Charly Day: Un Homenaje a Charly Garc\u00eda en su 73\u00b0 Cumplea\u00f1os"},"content":{"rendered":"\n<p>Hoy, mi\u00e9rcoles 23 de octubre, se celebra el <strong>Charly Day<\/strong>, un evento especial en homenaje al ic\u00f3nico m\u00fasico argentino <strong>Charly Garc\u00eda<\/strong>, quien cumple 73 a\u00f1os. El tributo, organizado por el canal de streaming <strong>OLGA<\/strong>, tendr\u00e1 lugar en el <strong>Teatro Coliseo<\/strong> y contar\u00e1 con la participaci\u00f3n de destacados artistas que recorrer\u00e1n la vasta obra de Charly. Figuras como <strong>Pedro Aznar<\/strong>, <strong>Nito Mestre<\/strong>, <strong>Le\u00f3n Gieco<\/strong>, <strong>Fabiana Cantilo<\/strong>, y muchos m\u00e1s, rendir\u00e1n homenaje con presentaciones en vivo.<\/p>\n\n\n\n<p>El <strong>Charly Day<\/strong> se transmitir\u00e1 en vivo por el canal de YouTube de OLGA. El evento comienza a las 18:00 horas con el segmento llamado <strong>\u201cYendo de la cama al living\u201d<\/strong>, una alfombra roja donde los invitados pasar\u00e1n mientras se muestra el detr\u00e1s de escena. El evento principal arrancar\u00e1 a las 19:00 horas con shows en vivo y entrevistas.<\/p>\n\n\n\n<h3 class=\"wp-block-heading\">Artistas participantes:<\/h3>\n\n\n\n<p>El homenaje contar\u00e1 con la participaci\u00f3n de reconocidos m\u00fasicos argentinos, incluyendo:<\/p>\n\n\n\n<ul class=\"wp-block-list\">\n<li><strong>Pedro Aznar<\/strong><\/li>\n\n\n\n<li><strong>Nito Mestre<\/strong><\/li>\n\n\n\n<li><strong>Le\u00f3n Gieco<\/strong><\/li>\n\n\n\n<li><strong>Fabiana Cantilo<\/strong><\/li>\n\n\n\n<li><strong>Juan Carlos Baglietto<\/strong><\/li>\n\n\n\n<li><strong>Soledad Pastorutti<\/strong><\/li>\n\n\n\n<li><strong>Santiago Motorizado<\/strong><\/li>\n\n\n\n<li><strong>\u00c1ngela Leiva<\/strong><\/li>\n\n\n\n<li><strong>Manuel Wirzt<\/strong><\/li>\n\n\n\n<li><strong>Ra\u00fal Lavi\u00e9<\/strong><\/li>\n\n\n\n<li><strong>La Delio Valdez<\/strong><\/li>\n<\/ul>\n\n\n\n<p>Adem\u00e1s, la banda en vivo estar\u00e1 integrada por m\u00fasicos de renombre como <strong>Lito Vitale<\/strong>, <strong>Javier Malosetti<\/strong>, y <strong>Sergio Verdinelli<\/strong>.<\/p>\n\n\n\n<h3 class=\"wp-block-heading\">C\u00f3mo ver el Charly Day online:<\/h3>\n\n\n\n<p>Para seguir el evento en vivo, simplemente puedes acceder al canal de YouTube de <strong>OLGA<\/strong>, donde se transmitir\u00e1 gratuitamente para todo el p\u00fablico.<\/p>\n\n\n\n<p>Algunos fan\u00e1ticos tuvieron la oportunidad de conseguir entradas de manera presencial durante el 22 de octubre, haciendo fila en la puerta del estudio donde se graba el streaming. A cambio, deb\u00edan donar alimentos no perecederos, que ser\u00e1n entregados a la <strong>Fundaci\u00f3n SI<\/strong>.<\/p>\n\n\n\n<p>Este homenaje promete ser un evento inolvidable para celebrar la trayectoria y el legado del gran <strong>Charly Garc\u00eda<\/strong><\/p>\n","protected":false},"excerpt":{"rendered":"<p>Hoy, mi\u00e9rcoles 23 de octubre, se celebra el Charly Day, un evento especial en homenaje al ic\u00f3nico m\u00fasico argentino Charly Garc\u00eda, quien cumple 73 a\u00f1os. El tributo, organizado por el canal de streaming OLGA, tendr\u00e1 lugar en el Teatro Coliseo y contar\u00e1 con la participaci\u00f3n de destacados artistas que recorrer\u00e1n la vasta obra de Charly. &hellip;<\/p>\n","protected":false},"author":4,"featured_media":2165,"comment_status":"open","ping_status":"open","sticky":false,"template":"","format":"standard","meta":{"footnotes":""},"categories":[78,66],"tags":[],"class_list":["post-2164","post","type-post","status-publish","format-standard","has-post-thumbnail","","category-espectaculos","category-nacionales"],"yoast_head":"<!-- This site is optimized with the Yoast SEO plugin v25.6 - https:\/\/yoast.com\/wordpress\/plugins\/seo\/ -->\n<title>OLGA Organiza el Charly Day: Un Homenaje a Charly Garc\u00eda en su 73\u00b0 Cumplea\u00f1os - AUDIO FUTURA<\/title>\n<meta name=\"robots\" content=\"index, follow, max-snippet:-1, max-image-preview:large, max-video-preview:-1\" \/>\n<link rel=\"canonical\" href=\"https:\/\/audiofutura.fmmiradio.com\/?p=2164\" \/>\n<meta property=\"og:locale\" content=\"es_ES\" \/>\n<meta property=\"og:type\" content=\"article\" \/>\n<meta property=\"og:title\" content=\"OLGA Organiza el Charly Day: Un Homenaje a Charly Garc\u00eda en su 73\u00b0 Cumplea\u00f1os - AUDIO FUTURA\" \/>\n<meta property=\"og:description\" content=\"Hoy, mi\u00e9rcoles 23 de octubre, se celebra el Charly Day, un evento especial en homenaje al ic\u00f3nico m\u00fasico argentino Charly Garc\u00eda, quien cumple 73 a\u00f1os. El tributo, organizado por el canal de streaming OLGA, tendr\u00e1 lugar en el Teatro Coliseo y contar\u00e1 con la participaci\u00f3n de destacados artistas que recorrer\u00e1n la vasta obra de Charly. &hellip;\" \/>\n<meta property=\"og:url\" content=\"https:\/\/audiofutura.fmmiradio.com\/?p=2164\" \/>\n<meta property=\"og:site_name\" content=\"AUDIO FUTURA\" \/>\n<meta property=\"article:published_time\" content=\"2024-10-23T16:13:34+00:00\" \/>\n<meta property=\"article:modified_time\" content=\"2024-10-23T16:13:37+00:00\" \/>\n<meta property=\"og:image\" content=\"https:\/\/audiofutura.fmmiradio.com\/wp-content\/uploads\/2024\/10\/charly-garcia-jpg.jpg\" \/>\n\t<meta property=\"og:image:width\" content=\"1500\" \/>\n\t<meta property=\"og:image:height\" content=\"843\" \/>\n\t<meta property=\"og:image:type\" content=\"image\/jpeg\" \/>\n<meta name=\"author\" content=\"futura\" \/>\n<meta name=\"twitter:card\" content=\"summary_large_image\" \/>\n<meta name=\"twitter:label1\" content=\"Escrito por\" \/>\n\t<meta name=\"twitter:data1\" content=\"futura\" \/>\n\t<meta name=\"twitter:label2\" content=\"Tiempo de lectura\" \/>\n\t<meta name=\"twitter:data2\" content=\"2 minutos\" \/>\n<script type=\"application\/ld+json\" class=\"yoast-schema-graph\">{\"@context\":\"https:\/\/schema.org\",\"@graph\":[{\"@type\":\"WebPage\",\"@id\":\"https:\/\/audiofutura.fmmiradio.com\/?p=2164\",\"url\":\"https:\/\/audiofutura.fmmiradio.com\/?p=2164\",\"name\":\"OLGA Organiza el Charly Day: Un Homenaje a Charly Garc\u00eda en su 73\u00b0 Cumplea\u00f1os - AUDIO FUTURA\",\"isPartOf\":{\"@id\":\"https:\/\/audiofutura.fmmiradio.com\/#website\"},\"primaryImageOfPage\":{\"@id\":\"https:\/\/audiofutura.fmmiradio.com\/?p=2164#primaryimage\"},\"image\":{\"@id\":\"https:\/\/audiofutura.fmmiradio.com\/?p=2164#primaryimage\"},\"thumbnailUrl\":\"https:\/\/audiofutura.fmmiradio.com\/wp-content\/uploads\/2024\/10\/charly-garcia-jpg.jpg\",\"datePublished\":\"2024-10-23T16:13:34+00:00\",\"dateModified\":\"2024-10-23T16:13:37+00:00\",\"author\":{\"@id\":\"https:\/\/audiofutura.fmmiradio.com\/#\/schema\/person\/bda371d1753c2e5b5dff202eaa5fa9bc\"},\"breadcrumb\":{\"@id\":\"https:\/\/audiofutura.fmmiradio.com\/?p=2164#breadcrumb\"},\"inLanguage\":\"es\",\"potentialAction\":[{\"@type\":\"ReadAction\",\"target\":[\"https:\/\/audiofutura.fmmiradio.com\/?p=2164\"]}]},{\"@type\":\"ImageObject\",\"inLanguage\":\"es\",\"@id\":\"https:\/\/audiofutura.fmmiradio.com\/?p=2164#primaryimage\",\"url\":\"https:\/\/audiofutura.fmmiradio.com\/wp-content\/uploads\/2024\/10\/charly-garcia-jpg.jpg\",\"contentUrl\":\"https:\/\/audiofutura.fmmiradio.com\/wp-content\/uploads\/2024\/10\/charly-garcia-jpg.jpg\",\"width\":1500,\"height\":843},{\"@type\":\"BreadcrumbList\",\"@id\":\"https:\/\/audiofutura.fmmiradio.com\/?p=2164#breadcrumb\",\"itemListElement\":[{\"@type\":\"ListItem\",\"position\":1,\"name\":\"Portada\",\"item\":\"https:\/\/audiofutura.fmmiradio.com\/\"},{\"@type\":\"ListItem\",\"position\":2,\"name\":\"OLGA Organiza el Charly Day: Un Homenaje a Charly Garc\u00eda en su 73\u00b0 Cumplea\u00f1os\"}]},{\"@type\":\"WebSite\",\"@id\":\"https:\/\/audiofutura.fmmiradio.com\/#website\",\"url\":\"https:\/\/audiofutura.fmmiradio.com\/\",\"name\":\"AUDIO FUTURA\",\"description\":\"\",\"potentialAction\":[{\"@type\":\"SearchAction\",\"target\":{\"@type\":\"EntryPoint\",\"urlTemplate\":\"https:\/\/audiofutura.fmmiradio.com\/?s={search_term_string}\"},\"query-input\":{\"@type\":\"PropertyValueSpecification\",\"valueRequired\":true,\"valueName\":\"search_term_string\"}}],\"inLanguage\":\"es\"},{\"@type\":\"Person\",\"@id\":\"https:\/\/audiofutura.fmmiradio.com\/#\/schema\/person\/bda371d1753c2e5b5dff202eaa5fa9bc\",\"name\":\"futura\",\"image\":{\"@type\":\"ImageObject\",\"inLanguage\":\"es\",\"@id\":\"https:\/\/audiofutura.fmmiradio.com\/#\/schema\/person\/image\/\",\"url\":\"https:\/\/secure.gravatar.com\/avatar\/f6ee1541937ff3e68dac011173779bde?s=96&d=mm&r=g\",\"contentUrl\":\"https:\/\/secure.gravatar.com\/avatar\/f6ee1541937ff3e68dac011173779bde?s=96&d=mm&r=g\",\"caption\":\"futura\"},\"url\":\"https:\/\/audiofutura.fmmiradio.com\/?author=4\"}]}<\/script>\n<!-- \/ Yoast SEO plugin. -->","yoast_head_json":{"title":"OLGA Organiza el Charly Day: Un Homenaje a Charly Garc\u00eda en su 73\u00b0 Cumplea\u00f1os - AUDIO FUTURA","robots":{"index":"index","follow":"follow","max-snippet":"max-snippet:-1","max-image-preview":"max-image-preview:large","max-video-preview":"max-video-preview:-1"},"canonical":"https:\/\/audiofutura.fmmiradio.com\/?p=2164","og_locale":"es_ES","og_type":"article","og_title":"OLGA Organiza el Charly Day: Un Homenaje a Charly Garc\u00eda en su 73\u00b0 Cumplea\u00f1os - AUDIO FUTURA","og_description":"Hoy, mi\u00e9rcoles 23 de octubre, se celebra el Charly Day, un evento especial en homenaje al ic\u00f3nico m\u00fasico argentino Charly Garc\u00eda, quien cumple 73 a\u00f1os. El tributo, organizado por el canal de streaming OLGA, tendr\u00e1 lugar en el Teatro Coliseo y contar\u00e1 con la participaci\u00f3n de destacados artistas que recorrer\u00e1n la vasta obra de Charly. &hellip;","og_url":"https:\/\/audiofutura.fmmiradio.com\/?p=2164","og_site_name":"AUDIO FUTURA","article_published_time":"2024-10-23T16:13:34+00:00","article_modified_time":"2024-10-23T16:13:37+00:00","og_image":[{"width":1500,"height":843,"url":"https:\/\/audiofutura.fmmiradio.com\/wp-content\/uploads\/2024\/10\/charly-garcia-jpg.jpg","type":"image\/jpeg"}],"author":"futura","twitter_card":"summary_large_image","twitter_misc":{"Escrito por":"futura","Tiempo de lectura":"2 minutos"},"schema":{"@context":"https:\/\/schema.org","@graph":[{"@type":"WebPage","@id":"https:\/\/audiofutura.fmmiradio.com\/?p=2164","url":"https:\/\/audiofutura.fmmiradio.com\/?p=2164","name":"OLGA Organiza el Charly Day: Un Homenaje a Charly Garc\u00eda en su 73\u00b0 Cumplea\u00f1os - AUDIO FUTURA","isPartOf":{"@id":"https:\/\/audiofutura.fmmiradio.com\/#website"},"primaryImageOfPage":{"@id":"https:\/\/audiofutura.fmmiradio.com\/?p=2164#primaryimage"},"image":{"@id":"https:\/\/audiofutura.fmmiradio.com\/?p=2164#primaryimage"},"thumbnailUrl":"https:\/\/audiofutura.fmmiradio.com\/wp-content\/uploads\/2024\/10\/charly-garcia-jpg.jpg","datePublished":"2024-10-23T16:13:34+00:00","dateModified":"2024-10-23T16:13:37+00:00","author":{"@id":"https:\/\/audiofutura.fmmiradio.com\/#\/schema\/person\/bda371d1753c2e5b5dff202eaa5fa9bc"},"breadcrumb":{"@id":"https:\/\/audiofutura.fmmiradio.com\/?p=2164#breadcrumb"},"inLanguage":"es","potentialAction":[{"@type":"ReadAction","target":["https:\/\/audiofutura.fmmiradio.com\/?p=2164"]}]},{"@type":"ImageObject","inLanguage":"es","@id":"https:\/\/audiofutura.fmmiradio.com\/?p=2164#primaryimage","url":"https:\/\/audiofutura.fmmiradio.com\/wp-content\/uploads\/2024\/10\/charly-garcia-jpg.jpg","contentUrl":"https:\/\/audiofutura.fmmiradio.com\/wp-content\/uploads\/2024\/10\/charly-garcia-jpg.jpg","width":1500,"height":843},{"@type":"BreadcrumbList","@id":"https:\/\/audiofutura.fmmiradio.com\/?p=2164#breadcrumb","itemListElement":[{"@type":"ListItem","position":1,"name":"Portada","item":"https:\/\/audiofutura.fmmiradio.com\/"},{"@type":"ListItem","position":2,"name":"OLGA Organiza el Charly Day: Un Homenaje a Charly Garc\u00eda en su 73\u00b0 Cumplea\u00f1os"}]},{"@type":"WebSite","@id":"https:\/\/audiofutura.fmmiradio.com\/#website","url":"https:\/\/audiofutura.fmmiradio.com\/","name":"AUDIO FUTURA","description":"","potentialAction":[{"@type":"SearchAction","target":{"@type":"EntryPoint","urlTemplate":"https:\/\/audiofutura.fmmiradio.com\/?s={search_term_string}"},"query-input":{"@type":"PropertyValueSpecification","valueRequired":true,"valueName":"search_term_string"}}],"inLanguage":"es"},{"@type":"Person","@id":"https:\/\/audiofutura.fmmiradio.com\/#\/schema\/person\/bda371d1753c2e5b5dff202eaa5fa9bc","name":"futura","image":{"@type":"ImageObject","inLanguage":"es","@id":"https:\/\/audiofutura.fmmiradio.com\/#\/schema\/person\/image\/","url":"https:\/\/secure.gravatar.com\/avatar\/f6ee1541937ff3e68dac011173779bde?s=96&d=mm&r=g","contentUrl":"https:\/\/secure.gravatar.com\/avatar\/f6ee1541937ff3e68dac011173779bde?s=96&d=mm&r=g","caption":"futura"},"url":"https:\/\/audiofutura.fmmiradio.com\/?author=4"}]}},"_links":{"self":[{"href":"https:\/\/audiofutura.fmmiradio.com\/index.php?rest_route=\/wp\/v2\/posts\/2164"}],"collection":[{"href":"https:\/\/audiofutura.fmmiradio.com\/index.php?rest_route=\/wp\/v2\/posts"}],"about":[{"href":"https:\/\/audiofutura.fmmiradio.com\/index.php?rest_route=\/wp\/v2\/types\/post"}],"author":[{"embeddable":true,"href":"https:\/\/audiofutura.fmmiradio.com\/index.php?rest_route=\/wp\/v2\/users\/4"}],"replies":[{"embeddable":true,"href":"https:\/\/audiofutura.fmmiradio.com\/index.php?rest_route=%2Fwp%2Fv2%2Fcomments&post=2164"}],"version-history":[{"count":1,"href":"https:\/\/audiofutura.fmmiradio.com\/index.php?rest_route=\/wp\/v2\/posts\/2164\/revisions"}],"predecessor-version":[{"id":2166,"href":"https:\/\/audiofutura.fmmiradio.com\/index.php?rest_route=\/wp\/v2\/posts\/2164\/revisions\/2166"}],"wp:featuredmedia":[{"embeddable":true,"href":"https:\/\/audiofutura.fmmiradio.com\/index.php?rest_route=\/wp\/v2\/media\/2165"}],"wp:attachment":[{"href":"https:\/\/audiofutura.fmmiradio.com\/index.php?rest_route=%2Fwp%2Fv2%2Fmedia&parent=2164"}],"wp:term":[{"taxonomy":"category","embeddable":true,"href":"https:\/\/audiofutura.fmmiradio.com\/index.php?rest_route=%2Fwp%2Fv2%2Fcategories&post=2164"},{"taxonomy":"post_tag","embeddable":true,"href":"https:\/\/audiofutura.fmmiradio.com\/index.php?rest_route=%2Fwp%2Fv2%2Ftags&post=2164"}],"curies":[{"name":"wp","href":"https:\/\/api.w.org\/{rel}","templated":true}]}}