{"id":2035,"date":"2024-10-02T13:58:34","date_gmt":"2024-10-02T13:58:34","guid":{"rendered":"https:\/\/audiofutura.fmmiradio.com\/?p=2035"},"modified":"2024-10-02T13:58:34","modified_gmt":"2024-10-02T13:58:34","slug":"eclipse-anular-del-2-de-octubre-que-se-espera-y-como-se-vera-en-san-juan","status":"publish","type":"post","link":"https:\/\/audiofutura.fmmiradio.com\/?p=2035","title":{"rendered":"Eclipse anular del 2 de octubre: \u00bfqu\u00e9 se espera y c\u00f3mo se ver\u00e1 en San Juan?"},"content":{"rendered":"\n<p class=\"has-medium-font-size\">El eclipse solar de este mi\u00e9rcoles 2 de octubre ser\u00e1 un espect\u00e1culo astron\u00f3mico visible en toda Argentina, con la Patagonia como la regi\u00f3n privilegiada para observarlo en su m\u00e1xima expresi\u00f3n. En particular, la provincia de Santa Cruz ser\u00e1 el punto clave para presenciar el eclipse anular de sol en su plenitud.<\/p>\n\n\n\n<p class=\"has-medium-font-size\">Este fen\u00f3meno ocurre cuando la Luna se interpone entre el Sol y la Tierra, proyectando su sombra sobre nuestro planeta. Dependiendo de la posici\u00f3n y distancia de la Luna, se pueden generar dos tipos de eclipses: total o anular. En un eclipse total, la Luna cubre completamente al Sol, mientras que en el eclipse anular, la Luna, al estar m\u00e1s alejada de la Tierra, no logra cubrir por completo al astro, creando el llamado \u00abanillo de fuego\u00bb, un borde brillante alrededor del Sol.<\/p>\n\n\n\n<p class=\"has-medium-font-size\">El tipo de eclipse depende del tama\u00f1o aparente de la Luna, que var\u00eda seg\u00fan su distancia de la Tierra. En este caso, la Luna est\u00e1 en su punto m\u00e1s lejano, lo que provoca que se vea m\u00e1s peque\u00f1a y no logre ocultar por completo al Sol, creando el mencionado anillo luminoso.<\/p>\n\n\n\n<p class=\"has-medium-font-size\"><\/p>\n\n\n\n<p class=\"has-medium-font-size\">En San Juan, el eclipse alcanzar\u00e1 una magnitud m\u00e1xima del 48%, lo que significa que casi la mitad del di\u00e1metro del Sol ser\u00e1 cubierto por la Luna. Otras provincias como Buenos Aires y Mendoza tendr\u00e1n una magnitud similar, mientras que en R\u00edo Gallegos (Santa Cruz) alcanzar\u00e1 hasta un 87%, siendo la regi\u00f3n m\u00e1s cercana a un eclipse completo.<\/p>\n\n\n\n<p class=\"has-medium-font-size\">Cada provincia experimentar\u00e1 diferentes porcentajes de cobertura solar, pero el evento ser\u00e1 visible en todo el territorio argentino. Para apreciar el fen\u00f3meno sin da\u00f1ar la vista, se recomienda el uso de lentes especiales o equipos fotogr\u00e1ficos adecuados.<\/p>\n\n\n\n<p class=\"has-medium-font-size\">Este eclipse promete ser un evento astron\u00f3mico \u00fanico, observable en distintas partes del pa\u00eds, siempre siguiendo las precauciones necesarias para disfrutarlo de manera segura.<\/p>\n","protected":false},"excerpt":{"rendered":"<p>El eclipse solar de este mi\u00e9rcoles 2 de octubre ser\u00e1 un espect\u00e1culo astron\u00f3mico visible en toda Argentina, con la Patagonia como la regi\u00f3n privilegiada para observarlo en su m\u00e1xima expresi\u00f3n. En particular, la provincia de Santa Cruz ser\u00e1 el punto clave para presenciar el eclipse anular de sol en su plenitud. Este fen\u00f3meno ocurre cuando &hellip;<\/p>\n","protected":false},"author":4,"featured_media":2036,"comment_status":"open","ping_status":"open","sticky":false,"template":"","format":"standard","meta":{"footnotes":""},"categories":[78],"tags":[],"class_list":["post-2035","post","type-post","status-publish","format-standard","has-post-thumbnail","","category-espectaculos"],"yoast_head":"<!-- This site is optimized with the Yoast SEO plugin v25.6 - https:\/\/yoast.com\/wordpress\/plugins\/seo\/ -->\n<title>Eclipse anular del 2 de octubre: \u00bfqu\u00e9 se espera y c\u00f3mo se ver\u00e1 en San Juan? - AUDIO FUTURA<\/title>\n<meta name=\"robots\" content=\"index, follow, max-snippet:-1, max-image-preview:large, max-video-preview:-1\" \/>\n<link rel=\"canonical\" href=\"https:\/\/audiofutura.fmmiradio.com\/?p=2035\" \/>\n<meta property=\"og:locale\" content=\"es_ES\" \/>\n<meta property=\"og:type\" content=\"article\" \/>\n<meta property=\"og:title\" content=\"Eclipse anular del 2 de octubre: \u00bfqu\u00e9 se espera y c\u00f3mo se ver\u00e1 en San Juan? - AUDIO FUTURA\" \/>\n<meta property=\"og:description\" content=\"El eclipse solar de este mi\u00e9rcoles 2 de octubre ser\u00e1 un espect\u00e1culo astron\u00f3mico visible en toda Argentina, con la Patagonia como la regi\u00f3n privilegiada para observarlo en su m\u00e1xima expresi\u00f3n. En particular, la provincia de Santa Cruz ser\u00e1 el punto clave para presenciar el eclipse anular de sol en su plenitud. Este fen\u00f3meno ocurre cuando &hellip;\" \/>\n<meta property=\"og:url\" content=\"https:\/\/audiofutura.fmmiradio.com\/?p=2035\" \/>\n<meta property=\"og:site_name\" content=\"AUDIO FUTURA\" \/>\n<meta property=\"article:published_time\" content=\"2024-10-02T13:58:34+00:00\" \/>\n<meta property=\"og:image\" content=\"https:\/\/audiofutura.fmmiradio.com\/wp-content\/uploads\/2024\/10\/1697237724780.webp\" \/>\n\t<meta property=\"og:image:width\" content=\"748\" \/>\n\t<meta property=\"og:image:height\" content=\"420\" \/>\n\t<meta property=\"og:image:type\" content=\"image\/webp\" \/>\n<meta name=\"author\" content=\"futura\" \/>\n<meta name=\"twitter:card\" content=\"summary_large_image\" \/>\n<meta name=\"twitter:label1\" content=\"Escrito por\" \/>\n\t<meta name=\"twitter:data1\" content=\"futura\" \/>\n\t<meta name=\"twitter:label2\" content=\"Tiempo de lectura\" \/>\n\t<meta name=\"twitter:data2\" content=\"2 minutos\" \/>\n<script type=\"application\/ld+json\" class=\"yoast-schema-graph\">{\"@context\":\"https:\/\/schema.org\",\"@graph\":[{\"@type\":\"WebPage\",\"@id\":\"https:\/\/audiofutura.fmmiradio.com\/?p=2035\",\"url\":\"https:\/\/audiofutura.fmmiradio.com\/?p=2035\",\"name\":\"Eclipse anular del 2 de octubre: \u00bfqu\u00e9 se espera y c\u00f3mo se ver\u00e1 en San Juan? - AUDIO FUTURA\",\"isPartOf\":{\"@id\":\"https:\/\/audiofutura.fmmiradio.com\/#website\"},\"primaryImageOfPage\":{\"@id\":\"https:\/\/audiofutura.fmmiradio.com\/?p=2035#primaryimage\"},\"image\":{\"@id\":\"https:\/\/audiofutura.fmmiradio.com\/?p=2035#primaryimage\"},\"thumbnailUrl\":\"https:\/\/audiofutura.fmmiradio.com\/wp-content\/uploads\/2024\/10\/1697237724780.webp\",\"datePublished\":\"2024-10-02T13:58:34+00:00\",\"author\":{\"@id\":\"https:\/\/audiofutura.fmmiradio.com\/#\/schema\/person\/bda371d1753c2e5b5dff202eaa5fa9bc\"},\"breadcrumb\":{\"@id\":\"https:\/\/audiofutura.fmmiradio.com\/?p=2035#breadcrumb\"},\"inLanguage\":\"es\",\"potentialAction\":[{\"@type\":\"ReadAction\",\"target\":[\"https:\/\/audiofutura.fmmiradio.com\/?p=2035\"]}]},{\"@type\":\"ImageObject\",\"inLanguage\":\"es\",\"@id\":\"https:\/\/audiofutura.fmmiradio.com\/?p=2035#primaryimage\",\"url\":\"https:\/\/audiofutura.fmmiradio.com\/wp-content\/uploads\/2024\/10\/1697237724780.webp\",\"contentUrl\":\"https:\/\/audiofutura.fmmiradio.com\/wp-content\/uploads\/2024\/10\/1697237724780.webp\",\"width\":748,\"height\":420},{\"@type\":\"BreadcrumbList\",\"@id\":\"https:\/\/audiofutura.fmmiradio.com\/?p=2035#breadcrumb\",\"itemListElement\":[{\"@type\":\"ListItem\",\"position\":1,\"name\":\"Portada\",\"item\":\"https:\/\/audiofutura.fmmiradio.com\/\"},{\"@type\":\"ListItem\",\"position\":2,\"name\":\"Eclipse anular del 2 de octubre: \u00bfqu\u00e9 se espera y c\u00f3mo se ver\u00e1 en San Juan?\"}]},{\"@type\":\"WebSite\",\"@id\":\"https:\/\/audiofutura.fmmiradio.com\/#website\",\"url\":\"https:\/\/audiofutura.fmmiradio.com\/\",\"name\":\"AUDIO FUTURA\",\"description\":\"\",\"potentialAction\":[{\"@type\":\"SearchAction\",\"target\":{\"@type\":\"EntryPoint\",\"urlTemplate\":\"https:\/\/audiofutura.fmmiradio.com\/?s={search_term_string}\"},\"query-input\":{\"@type\":\"PropertyValueSpecification\",\"valueRequired\":true,\"valueName\":\"search_term_string\"}}],\"inLanguage\":\"es\"},{\"@type\":\"Person\",\"@id\":\"https:\/\/audiofutura.fmmiradio.com\/#\/schema\/person\/bda371d1753c2e5b5dff202eaa5fa9bc\",\"name\":\"futura\",\"image\":{\"@type\":\"ImageObject\",\"inLanguage\":\"es\",\"@id\":\"https:\/\/audiofutura.fmmiradio.com\/#\/schema\/person\/image\/\",\"url\":\"https:\/\/secure.gravatar.com\/avatar\/f6ee1541937ff3e68dac011173779bde?s=96&d=mm&r=g\",\"contentUrl\":\"https:\/\/secure.gravatar.com\/avatar\/f6ee1541937ff3e68dac011173779bde?s=96&d=mm&r=g\",\"caption\":\"futura\"},\"url\":\"https:\/\/audiofutura.fmmiradio.com\/?author=4\"}]}<\/script>\n<!-- \/ Yoast SEO plugin. -->","yoast_head_json":{"title":"Eclipse anular del 2 de octubre: \u00bfqu\u00e9 se espera y c\u00f3mo se ver\u00e1 en San Juan? - AUDIO FUTURA","robots":{"index":"index","follow":"follow","max-snippet":"max-snippet:-1","max-image-preview":"max-image-preview:large","max-video-preview":"max-video-preview:-1"},"canonical":"https:\/\/audiofutura.fmmiradio.com\/?p=2035","og_locale":"es_ES","og_type":"article","og_title":"Eclipse anular del 2 de octubre: \u00bfqu\u00e9 se espera y c\u00f3mo se ver\u00e1 en San Juan? - AUDIO FUTURA","og_description":"El eclipse solar de este mi\u00e9rcoles 2 de octubre ser\u00e1 un espect\u00e1culo astron\u00f3mico visible en toda Argentina, con la Patagonia como la regi\u00f3n privilegiada para observarlo en su m\u00e1xima expresi\u00f3n. En particular, la provincia de Santa Cruz ser\u00e1 el punto clave para presenciar el eclipse anular de sol en su plenitud. Este fen\u00f3meno ocurre cuando &hellip;","og_url":"https:\/\/audiofutura.fmmiradio.com\/?p=2035","og_site_name":"AUDIO FUTURA","article_published_time":"2024-10-02T13:58:34+00:00","og_image":[{"width":748,"height":420,"url":"https:\/\/audiofutura.fmmiradio.com\/wp-content\/uploads\/2024\/10\/1697237724780.webp","type":"image\/webp"}],"author":"futura","twitter_card":"summary_large_image","twitter_misc":{"Escrito por":"futura","Tiempo de lectura":"2 minutos"},"schema":{"@context":"https:\/\/schema.org","@graph":[{"@type":"WebPage","@id":"https:\/\/audiofutura.fmmiradio.com\/?p=2035","url":"https:\/\/audiofutura.fmmiradio.com\/?p=2035","name":"Eclipse anular del 2 de octubre: \u00bfqu\u00e9 se espera y c\u00f3mo se ver\u00e1 en San Juan? - AUDIO FUTURA","isPartOf":{"@id":"https:\/\/audiofutura.fmmiradio.com\/#website"},"primaryImageOfPage":{"@id":"https:\/\/audiofutura.fmmiradio.com\/?p=2035#primaryimage"},"image":{"@id":"https:\/\/audiofutura.fmmiradio.com\/?p=2035#primaryimage"},"thumbnailUrl":"https:\/\/audiofutura.fmmiradio.com\/wp-content\/uploads\/2024\/10\/1697237724780.webp","datePublished":"2024-10-02T13:58:34+00:00","author":{"@id":"https:\/\/audiofutura.fmmiradio.com\/#\/schema\/person\/bda371d1753c2e5b5dff202eaa5fa9bc"},"breadcrumb":{"@id":"https:\/\/audiofutura.fmmiradio.com\/?p=2035#breadcrumb"},"inLanguage":"es","potentialAction":[{"@type":"ReadAction","target":["https:\/\/audiofutura.fmmiradio.com\/?p=2035"]}]},{"@type":"ImageObject","inLanguage":"es","@id":"https:\/\/audiofutura.fmmiradio.com\/?p=2035#primaryimage","url":"https:\/\/audiofutura.fmmiradio.com\/wp-content\/uploads\/2024\/10\/1697237724780.webp","contentUrl":"https:\/\/audiofutura.fmmiradio.com\/wp-content\/uploads\/2024\/10\/1697237724780.webp","width":748,"height":420},{"@type":"BreadcrumbList","@id":"https:\/\/audiofutura.fmmiradio.com\/?p=2035#breadcrumb","itemListElement":[{"@type":"ListItem","position":1,"name":"Portada","item":"https:\/\/audiofutura.fmmiradio.com\/"},{"@type":"ListItem","position":2,"name":"Eclipse anular del 2 de octubre: \u00bfqu\u00e9 se espera y c\u00f3mo se ver\u00e1 en San Juan?"}]},{"@type":"WebSite","@id":"https:\/\/audiofutura.fmmiradio.com\/#website","url":"https:\/\/audiofutura.fmmiradio.com\/","name":"AUDIO FUTURA","description":"","potentialAction":[{"@type":"SearchAction","target":{"@type":"EntryPoint","urlTemplate":"https:\/\/audiofutura.fmmiradio.com\/?s={search_term_string}"},"query-input":{"@type":"PropertyValueSpecification","valueRequired":true,"valueName":"search_term_string"}}],"inLanguage":"es"},{"@type":"Person","@id":"https:\/\/audiofutura.fmmiradio.com\/#\/schema\/person\/bda371d1753c2e5b5dff202eaa5fa9bc","name":"futura","image":{"@type":"ImageObject","inLanguage":"es","@id":"https:\/\/audiofutura.fmmiradio.com\/#\/schema\/person\/image\/","url":"https:\/\/secure.gravatar.com\/avatar\/f6ee1541937ff3e68dac011173779bde?s=96&d=mm&r=g","contentUrl":"https:\/\/secure.gravatar.com\/avatar\/f6ee1541937ff3e68dac011173779bde?s=96&d=mm&r=g","caption":"futura"},"url":"https:\/\/audiofutura.fmmiradio.com\/?author=4"}]}},"_links":{"self":[{"href":"https:\/\/audiofutura.fmmiradio.com\/index.php?rest_route=\/wp\/v2\/posts\/2035"}],"collection":[{"href":"https:\/\/audiofutura.fmmiradio.com\/index.php?rest_route=\/wp\/v2\/posts"}],"about":[{"href":"https:\/\/audiofutura.fmmiradio.com\/index.php?rest_route=\/wp\/v2\/types\/post"}],"author":[{"embeddable":true,"href":"https:\/\/audiofutura.fmmiradio.com\/index.php?rest_route=\/wp\/v2\/users\/4"}],"replies":[{"embeddable":true,"href":"https:\/\/audiofutura.fmmiradio.com\/index.php?rest_route=%2Fwp%2Fv2%2Fcomments&post=2035"}],"version-history":[{"count":1,"href":"https:\/\/audiofutura.fmmiradio.com\/index.php?rest_route=\/wp\/v2\/posts\/2035\/revisions"}],"predecessor-version":[{"id":2037,"href":"https:\/\/audiofutura.fmmiradio.com\/index.php?rest_route=\/wp\/v2\/posts\/2035\/revisions\/2037"}],"wp:featuredmedia":[{"embeddable":true,"href":"https:\/\/audiofutura.fmmiradio.com\/index.php?rest_route=\/wp\/v2\/media\/2036"}],"wp:attachment":[{"href":"https:\/\/audiofutura.fmmiradio.com\/index.php?rest_route=%2Fwp%2Fv2%2Fmedia&parent=2035"}],"wp:term":[{"taxonomy":"category","embeddable":true,"href":"https:\/\/audiofutura.fmmiradio.com\/index.php?rest_route=%2Fwp%2Fv2%2Fcategories&post=2035"},{"taxonomy":"post_tag","embeddable":true,"href":"https:\/\/audiofutura.fmmiradio.com\/index.php?rest_route=%2Fwp%2Fv2%2Ftags&post=2035"}],"curies":[{"name":"wp","href":"https:\/\/api.w.org\/{rel}","templated":true}]}}