{"id":1733,"date":"2024-08-08T00:29:00","date_gmt":"2024-08-08T00:29:00","guid":{"rendered":"https:\/\/audiofutura.fmmiradio.com\/?p=1733"},"modified":"2024-08-15T19:07:38","modified_gmt":"2024-08-15T19:07:38","slug":"las-copas-de-los-campeones-del-mundo-regresan-a-san-juan-enterate-cuando-y-como-verlas","status":"publish","type":"post","link":"https:\/\/audiofutura.fmmiradio.com\/?p=1733","title":{"rendered":"Las copas de los campeones del mundo regresan a San Juan: enterate cu\u00e1ndo y c\u00f3mo verlas"},"content":{"rendered":"\n<p>Despu\u00e9s de haber estado en Caucete, las copas viajan al centro directamente al centro de San Juan. El detalle de la visita m\u00e1s esperada.<\/p>\n\n\n\n<p><strong><a href=\"https:\/\/www.tiempodesanjuan.com\/san-juan\/recorre-kilometros-pie-vender-semitas-toribio-el-hombre-que-se-hizo-viral-pedir-que-crujan-los-motores-un-auto-tc-n381249\" target=\"_blank\" rel=\"noreferrer noopener\">San Juan<\/a><\/strong>\u00a0nuevamente ser\u00e1 privilegiado con la visita de las copas de los<strong>\u00a0campeones del mundo<\/strong>. La\u00a0<strong>Liga Sanjuanina de F\u00fatbol<\/strong>\u00a0difundi\u00f3 la noticia y ser\u00e1 la sede que las acobijar\u00e1 durante su estad\u00eda en la capital. El detalle de la visita m\u00e1s esperada.<\/p>\n\n\n\n<p>La Copa Am\u00e9rica, la Final\u00edssima y la Copa del Mundo ser\u00e1n las que se exhiban este jueves desde las 9 de la ma\u00f1ana\u00a0en la sala del edificio de calle Santa Fe y Entre R\u00edos.\u00a0\u00abLa Gloria llega a San Juan\u00bb, fue el slogan que us\u00f3 la provincia para promocionar la llegada de los trofeos m\u00e1s preciados y que fueron conquistados desde el 2021.<\/p>\n\n\n\n<p>Los sanjuaninos podr\u00e1n acercarse desde temprano a observarlas y hasta podr\u00e1n tomarse una foto.<\/p>\n\n\n\n<figure class=\"wp-block-image size-full\"><img loading=\"lazy\" decoding=\"async\" width=\"790\" height=\"528\" src=\"https:\/\/audiofutura.fmmiradio.com\/wp-content\/uploads\/2024\/08\/imagepng.webp\" alt=\"\" class=\"wp-image-1734\" srcset=\"https:\/\/audiofutura.fmmiradio.com\/wp-content\/uploads\/2024\/08\/imagepng.webp 790w, https:\/\/audiofutura.fmmiradio.com\/wp-content\/uploads\/2024\/08\/imagepng-300x201.webp 300w, https:\/\/audiofutura.fmmiradio.com\/wp-content\/uploads\/2024\/08\/imagepng-768x513.webp 768w, https:\/\/audiofutura.fmmiradio.com\/wp-content\/uploads\/2024\/08\/imagepng-110x75.webp 110w\" sizes=\"(max-width: 790px) 100vw, 790px\" \/><\/figure>\n\n\n\n<p><\/p>\n","protected":false},"excerpt":{"rendered":"<p>Despu\u00e9s de haber estado en Caucete, las copas viajan al centro directamente al centro de San Juan. El detalle de la visita m\u00e1s esperada. San Juan\u00a0nuevamente ser\u00e1 privilegiado con la visita de las copas de los\u00a0campeones del mundo. La\u00a0Liga Sanjuanina de F\u00fatbol\u00a0difundi\u00f3 la noticia y ser\u00e1 la sede que las acobijar\u00e1 durante su estad\u00eda en &hellip;<\/p>\n","protected":false},"author":4,"featured_media":1735,"comment_status":"open","ping_status":"open","sticky":false,"template":"","format":"standard","meta":{"footnotes":""},"categories":[78],"tags":[],"class_list":["post-1733","post","type-post","status-publish","format-standard","has-post-thumbnail","","category-espectaculos"],"yoast_head":"<!-- This site is optimized with the Yoast SEO plugin v25.6 - https:\/\/yoast.com\/wordpress\/plugins\/seo\/ -->\n<title>Las copas de los campeones del mundo regresan a San Juan: enterate cu\u00e1ndo y c\u00f3mo verlas - AUDIO FUTURA<\/title>\n<meta name=\"robots\" content=\"index, follow, max-snippet:-1, max-image-preview:large, max-video-preview:-1\" \/>\n<link rel=\"canonical\" href=\"https:\/\/audiofutura.fmmiradio.com\/?p=1733\" \/>\n<meta property=\"og:locale\" content=\"es_ES\" \/>\n<meta property=\"og:type\" content=\"article\" \/>\n<meta property=\"og:title\" content=\"Las copas de los campeones del mundo regresan a San Juan: enterate cu\u00e1ndo y c\u00f3mo verlas - AUDIO FUTURA\" \/>\n<meta property=\"og:description\" content=\"Despu\u00e9s de haber estado en Caucete, las copas viajan al centro directamente al centro de San Juan. El detalle de la visita m\u00e1s esperada. San Juan\u00a0nuevamente ser\u00e1 privilegiado con la visita de las copas de los\u00a0campeones del mundo. La\u00a0Liga Sanjuanina de F\u00fatbol\u00a0difundi\u00f3 la noticia y ser\u00e1 la sede que las acobijar\u00e1 durante su estad\u00eda en &hellip;\" \/>\n<meta property=\"og:url\" content=\"https:\/\/audiofutura.fmmiradio.com\/?p=1733\" \/>\n<meta property=\"og:site_name\" content=\"AUDIO FUTURA\" \/>\n<meta property=\"article:published_time\" content=\"2024-08-08T00:29:00+00:00\" \/>\n<meta property=\"article:modified_time\" content=\"2024-08-15T19:07:38+00:00\" \/>\n<meta property=\"og:image\" content=\"https:\/\/audiofutura.fmmiradio.com\/wp-content\/uploads\/2024\/08\/452321116_798753825772517_6006475510046694826_n.jpg\" \/>\n\t<meta property=\"og:image:width\" content=\"2048\" \/>\n\t<meta property=\"og:image:height\" content=\"1366\" \/>\n\t<meta property=\"og:image:type\" content=\"image\/jpeg\" \/>\n<meta name=\"author\" content=\"futura\" \/>\n<meta name=\"twitter:card\" content=\"summary_large_image\" \/>\n<meta name=\"twitter:label1\" content=\"Escrito por\" \/>\n\t<meta name=\"twitter:data1\" content=\"futura\" \/>\n\t<meta name=\"twitter:label2\" content=\"Tiempo de lectura\" \/>\n\t<meta name=\"twitter:data2\" content=\"2 minutos\" \/>\n<script type=\"application\/ld+json\" class=\"yoast-schema-graph\">{\"@context\":\"https:\/\/schema.org\",\"@graph\":[{\"@type\":\"WebPage\",\"@id\":\"https:\/\/audiofutura.fmmiradio.com\/?p=1733\",\"url\":\"https:\/\/audiofutura.fmmiradio.com\/?p=1733\",\"name\":\"Las copas de los campeones del mundo regresan a San Juan: enterate cu\u00e1ndo y c\u00f3mo verlas - AUDIO FUTURA\",\"isPartOf\":{\"@id\":\"https:\/\/audiofutura.fmmiradio.com\/#website\"},\"primaryImageOfPage\":{\"@id\":\"https:\/\/audiofutura.fmmiradio.com\/?p=1733#primaryimage\"},\"image\":{\"@id\":\"https:\/\/audiofutura.fmmiradio.com\/?p=1733#primaryimage\"},\"thumbnailUrl\":\"https:\/\/audiofutura.fmmiradio.com\/wp-content\/uploads\/2024\/08\/452321116_798753825772517_6006475510046694826_n.jpg\",\"datePublished\":\"2024-08-08T00:29:00+00:00\",\"dateModified\":\"2024-08-15T19:07:38+00:00\",\"author\":{\"@id\":\"https:\/\/audiofutura.fmmiradio.com\/#\/schema\/person\/bda371d1753c2e5b5dff202eaa5fa9bc\"},\"breadcrumb\":{\"@id\":\"https:\/\/audiofutura.fmmiradio.com\/?p=1733#breadcrumb\"},\"inLanguage\":\"es\",\"potentialAction\":[{\"@type\":\"ReadAction\",\"target\":[\"https:\/\/audiofutura.fmmiradio.com\/?p=1733\"]}]},{\"@type\":\"ImageObject\",\"inLanguage\":\"es\",\"@id\":\"https:\/\/audiofutura.fmmiradio.com\/?p=1733#primaryimage\",\"url\":\"https:\/\/audiofutura.fmmiradio.com\/wp-content\/uploads\/2024\/08\/452321116_798753825772517_6006475510046694826_n.jpg\",\"contentUrl\":\"https:\/\/audiofutura.fmmiradio.com\/wp-content\/uploads\/2024\/08\/452321116_798753825772517_6006475510046694826_n.jpg\",\"width\":2048,\"height\":1366},{\"@type\":\"BreadcrumbList\",\"@id\":\"https:\/\/audiofutura.fmmiradio.com\/?p=1733#breadcrumb\",\"itemListElement\":[{\"@type\":\"ListItem\",\"position\":1,\"name\":\"Portada\",\"item\":\"https:\/\/audiofutura.fmmiradio.com\/\"},{\"@type\":\"ListItem\",\"position\":2,\"name\":\"Las copas de los campeones del mundo regresan a San Juan: enterate cu\u00e1ndo y c\u00f3mo verlas\"}]},{\"@type\":\"WebSite\",\"@id\":\"https:\/\/audiofutura.fmmiradio.com\/#website\",\"url\":\"https:\/\/audiofutura.fmmiradio.com\/\",\"name\":\"AUDIO FUTURA\",\"description\":\"\",\"potentialAction\":[{\"@type\":\"SearchAction\",\"target\":{\"@type\":\"EntryPoint\",\"urlTemplate\":\"https:\/\/audiofutura.fmmiradio.com\/?s={search_term_string}\"},\"query-input\":{\"@type\":\"PropertyValueSpecification\",\"valueRequired\":true,\"valueName\":\"search_term_string\"}}],\"inLanguage\":\"es\"},{\"@type\":\"Person\",\"@id\":\"https:\/\/audiofutura.fmmiradio.com\/#\/schema\/person\/bda371d1753c2e5b5dff202eaa5fa9bc\",\"name\":\"futura\",\"image\":{\"@type\":\"ImageObject\",\"inLanguage\":\"es\",\"@id\":\"https:\/\/audiofutura.fmmiradio.com\/#\/schema\/person\/image\/\",\"url\":\"https:\/\/secure.gravatar.com\/avatar\/f6ee1541937ff3e68dac011173779bde?s=96&d=mm&r=g\",\"contentUrl\":\"https:\/\/secure.gravatar.com\/avatar\/f6ee1541937ff3e68dac011173779bde?s=96&d=mm&r=g\",\"caption\":\"futura\"},\"url\":\"https:\/\/audiofutura.fmmiradio.com\/?author=4\"}]}<\/script>\n<!-- \/ Yoast SEO plugin. -->","yoast_head_json":{"title":"Las copas de los campeones del mundo regresan a San Juan: enterate cu\u00e1ndo y c\u00f3mo verlas - AUDIO FUTURA","robots":{"index":"index","follow":"follow","max-snippet":"max-snippet:-1","max-image-preview":"max-image-preview:large","max-video-preview":"max-video-preview:-1"},"canonical":"https:\/\/audiofutura.fmmiradio.com\/?p=1733","og_locale":"es_ES","og_type":"article","og_title":"Las copas de los campeones del mundo regresan a San Juan: enterate cu\u00e1ndo y c\u00f3mo verlas - AUDIO FUTURA","og_description":"Despu\u00e9s de haber estado en Caucete, las copas viajan al centro directamente al centro de San Juan. El detalle de la visita m\u00e1s esperada. San Juan\u00a0nuevamente ser\u00e1 privilegiado con la visita de las copas de los\u00a0campeones del mundo. La\u00a0Liga Sanjuanina de F\u00fatbol\u00a0difundi\u00f3 la noticia y ser\u00e1 la sede que las acobijar\u00e1 durante su estad\u00eda en &hellip;","og_url":"https:\/\/audiofutura.fmmiradio.com\/?p=1733","og_site_name":"AUDIO FUTURA","article_published_time":"2024-08-08T00:29:00+00:00","article_modified_time":"2024-08-15T19:07:38+00:00","og_image":[{"width":2048,"height":1366,"url":"https:\/\/audiofutura.fmmiradio.com\/wp-content\/uploads\/2024\/08\/452321116_798753825772517_6006475510046694826_n.jpg","type":"image\/jpeg"}],"author":"futura","twitter_card":"summary_large_image","twitter_misc":{"Escrito por":"futura","Tiempo de lectura":"2 minutos"},"schema":{"@context":"https:\/\/schema.org","@graph":[{"@type":"WebPage","@id":"https:\/\/audiofutura.fmmiradio.com\/?p=1733","url":"https:\/\/audiofutura.fmmiradio.com\/?p=1733","name":"Las copas de los campeones del mundo regresan a San Juan: enterate cu\u00e1ndo y c\u00f3mo verlas - AUDIO FUTURA","isPartOf":{"@id":"https:\/\/audiofutura.fmmiradio.com\/#website"},"primaryImageOfPage":{"@id":"https:\/\/audiofutura.fmmiradio.com\/?p=1733#primaryimage"},"image":{"@id":"https:\/\/audiofutura.fmmiradio.com\/?p=1733#primaryimage"},"thumbnailUrl":"https:\/\/audiofutura.fmmiradio.com\/wp-content\/uploads\/2024\/08\/452321116_798753825772517_6006475510046694826_n.jpg","datePublished":"2024-08-08T00:29:00+00:00","dateModified":"2024-08-15T19:07:38+00:00","author":{"@id":"https:\/\/audiofutura.fmmiradio.com\/#\/schema\/person\/bda371d1753c2e5b5dff202eaa5fa9bc"},"breadcrumb":{"@id":"https:\/\/audiofutura.fmmiradio.com\/?p=1733#breadcrumb"},"inLanguage":"es","potentialAction":[{"@type":"ReadAction","target":["https:\/\/audiofutura.fmmiradio.com\/?p=1733"]}]},{"@type":"ImageObject","inLanguage":"es","@id":"https:\/\/audiofutura.fmmiradio.com\/?p=1733#primaryimage","url":"https:\/\/audiofutura.fmmiradio.com\/wp-content\/uploads\/2024\/08\/452321116_798753825772517_6006475510046694826_n.jpg","contentUrl":"https:\/\/audiofutura.fmmiradio.com\/wp-content\/uploads\/2024\/08\/452321116_798753825772517_6006475510046694826_n.jpg","width":2048,"height":1366},{"@type":"BreadcrumbList","@id":"https:\/\/audiofutura.fmmiradio.com\/?p=1733#breadcrumb","itemListElement":[{"@type":"ListItem","position":1,"name":"Portada","item":"https:\/\/audiofutura.fmmiradio.com\/"},{"@type":"ListItem","position":2,"name":"Las copas de los campeones del mundo regresan a San Juan: enterate cu\u00e1ndo y c\u00f3mo verlas"}]},{"@type":"WebSite","@id":"https:\/\/audiofutura.fmmiradio.com\/#website","url":"https:\/\/audiofutura.fmmiradio.com\/","name":"AUDIO FUTURA","description":"","potentialAction":[{"@type":"SearchAction","target":{"@type":"EntryPoint","urlTemplate":"https:\/\/audiofutura.fmmiradio.com\/?s={search_term_string}"},"query-input":{"@type":"PropertyValueSpecification","valueRequired":true,"valueName":"search_term_string"}}],"inLanguage":"es"},{"@type":"Person","@id":"https:\/\/audiofutura.fmmiradio.com\/#\/schema\/person\/bda371d1753c2e5b5dff202eaa5fa9bc","name":"futura","image":{"@type":"ImageObject","inLanguage":"es","@id":"https:\/\/audiofutura.fmmiradio.com\/#\/schema\/person\/image\/","url":"https:\/\/secure.gravatar.com\/avatar\/f6ee1541937ff3e68dac011173779bde?s=96&d=mm&r=g","contentUrl":"https:\/\/secure.gravatar.com\/avatar\/f6ee1541937ff3e68dac011173779bde?s=96&d=mm&r=g","caption":"futura"},"url":"https:\/\/audiofutura.fmmiradio.com\/?author=4"}]}},"_links":{"self":[{"href":"https:\/\/audiofutura.fmmiradio.com\/index.php?rest_route=\/wp\/v2\/posts\/1733"}],"collection":[{"href":"https:\/\/audiofutura.fmmiradio.com\/index.php?rest_route=\/wp\/v2\/posts"}],"about":[{"href":"https:\/\/audiofutura.fmmiradio.com\/index.php?rest_route=\/wp\/v2\/types\/post"}],"author":[{"embeddable":true,"href":"https:\/\/audiofutura.fmmiradio.com\/index.php?rest_route=\/wp\/v2\/users\/4"}],"replies":[{"embeddable":true,"href":"https:\/\/audiofutura.fmmiradio.com\/index.php?rest_route=%2Fwp%2Fv2%2Fcomments&post=1733"}],"version-history":[{"count":1,"href":"https:\/\/audiofutura.fmmiradio.com\/index.php?rest_route=\/wp\/v2\/posts\/1733\/revisions"}],"predecessor-version":[{"id":1736,"href":"https:\/\/audiofutura.fmmiradio.com\/index.php?rest_route=\/wp\/v2\/posts\/1733\/revisions\/1736"}],"wp:featuredmedia":[{"embeddable":true,"href":"https:\/\/audiofutura.fmmiradio.com\/index.php?rest_route=\/wp\/v2\/media\/1735"}],"wp:attachment":[{"href":"https:\/\/audiofutura.fmmiradio.com\/index.php?rest_route=%2Fwp%2Fv2%2Fmedia&parent=1733"}],"wp:term":[{"taxonomy":"category","embeddable":true,"href":"https:\/\/audiofutura.fmmiradio.com\/index.php?rest_route=%2Fwp%2Fv2%2Fcategories&post=1733"},{"taxonomy":"post_tag","embeddable":true,"href":"https:\/\/audiofutura.fmmiradio.com\/index.php?rest_route=%2Fwp%2Fv2%2Ftags&post=1733"}],"curies":[{"name":"wp","href":"https:\/\/api.w.org\/{rel}","templated":true}]}}